{"id":58292,"date":"2023-04-22T09:13:48","date_gmt":"2023-04-22T07:13:48","guid":{"rendered":"https:\/\/jugulajm.net\/?p=58292"},"modified":"2023-05-31T09:42:17","modified_gmt":"2023-05-31T07:42:17","slug":"moti-sot-kthjellime-dhe-vranesira-27","status":"publish","type":"post","link":"https:\/\/jugulajm.net\/?p=58292","title":{"rendered":"Moti sot\/ Kthjellime dhe vran\u00ebsira"},"content":{"rendered":"<p>Pjesa e par\u00eb e dit\u00ebs do t\u00eb jet\u00eb n\u00ebn dominimin e kthjellimeve dhe kalimeve t\u00eb vran\u00ebsirave t\u00eb pakta, ku m\u00eb t\u00eb dukshme kthjellimet do t\u00eb jen\u00eb n\u00eb zonat per\u00ebndimore.<\/p>\n<div class=\"jeg_ad jeg_ad_article jnews_content_inline_ads\">\n<div class=\"ads-wrapper align-center\">\n<div class=\"ads_code\">Nd\u00ebrsa n\u00eb zonat malore vran\u00ebsirat do t\u00eb jen\u00eb m\u00eb prezente, duke gjeneruar reshje t\u00eb pakta shiu n\u00eb gjysm\u00ebn e dyt\u00eb t\u00eb dit\u00ebs. Vija bregdetare do t\u00eb mbetet n\u00ebn ndikimin e kthjellimeve dhe kalimeve t\u00eb pakta t\u00eb vran\u00ebsirave.<\/div>\n<\/div>\n<\/div>\n<div class=\"jeg_ad jeg_ad_article jnews_content_inline_2_ads\">\n<div class=\"ads-wrapper align-center\">\n<div class=\"ads_code\"><\/div>\n<\/div>\n<\/div>\n<p>Sipas MeteoAlb, temperaturat e ajrit do t\u00eb rriten leht\u00eb n\u00eb m\u00ebngjes, por do t\u00eb mbeten konstante n\u00eb mesdit\u00eb duke u luhatur nga 5\u00b0C deri n\u00eb 25\u00b0C.<\/p>\n<p>Era do t\u00eb fryj\u00eb e leht\u00eb dhe mesatare n\u00eb det me shpejt\u00ebsi 35 km\/h nga drejtimi Veriper\u00ebndimor duke sjell\u00eb n\u00eb brigjet detare dallg\u00ebzim 2 ball\u00eb.<\/p>\n","protected":false},"excerpt":{"rendered":"<p>Pjesa e par\u00eb e dit\u00ebs do t\u00eb jet\u00eb n\u00ebn dominimin e kthjellimeve dhe kalimeve t\u00eb vran\u00ebsirave t\u00eb pakta, ku m\u00eb t\u00eb dukshme kthjellimet do t\u00eb jen\u00eb n\u00eb zonat per\u00ebndimore. Nd\u00ebrsa n\u00eb zonat malore vran\u00ebsirat do t\u00eb jen\u00eb m\u00eb prezente, duke gjeneruar reshje t\u00eb pakta shiu n\u00eb gjysm\u00ebn e dyt\u00eb t\u00eb dit\u00ebs. Vija bregdetare do t\u00eb [&hellip;]<\/p>\n","protected":false},"author":5,"featured_media":55361,"comment_status":"closed","ping_status":"open","sticky":false,"template":"","format":"standard","meta":{"footnotes":""},"categories":[7650,6332],"tags":[20877],"class_list":{"0":"post-58292","1":"post","2":"type-post","3":"status-publish","4":"format-standard","5":"has-post-thumbnail","7":"category-moti","8":"category-te-fundit","9":"tag-moti-sot-kthjellime-dhe-vranesira"},"_links":{"self":[{"href":"https:\/\/jugulajm.net\/index.php?rest_route=\/wp\/v2\/posts\/58292","targetHints":{"allow":["GET"]}}],"collection":[{"href":"https:\/\/jugulajm.net\/index.php?rest_route=\/wp\/v2\/posts"}],"about":[{"href":"https:\/\/jugulajm.net\/index.php?rest_route=\/wp\/v2\/types\/post"}],"author":[{"embeddable":true,"href":"https:\/\/jugulajm.net\/index.php?rest_route=\/wp\/v2\/users\/5"}],"replies":[{"embeddable":true,"href":"https:\/\/jugulajm.net\/index.php?rest_route=%2Fwp%2Fv2%2Fcomments&post=58292"}],"version-history":[{"count":0,"href":"https:\/\/jugulajm.net\/index.php?rest_route=\/wp\/v2\/posts\/58292\/revisions"}],"wp:featuredmedia":[{"embeddable":true,"href":"https:\/\/jugulajm.net\/index.php?rest_route=\/wp\/v2\/media\/55361"}],"wp:attachment":[{"href":"https:\/\/jugulajm.net\/index.php?rest_route=%2Fwp%2Fv2%2Fmedia&parent=58292"}],"wp:term":[{"taxonomy":"category","embeddable":true,"href":"https:\/\/jugulajm.net\/index.php?rest_route=%2Fwp%2Fv2%2Fcategories&post=58292"},{"taxonomy":"post_tag","embeddable":true,"href":"https:\/\/jugulajm.net\/index.php?rest_route=%2Fwp%2Fv2%2Ftags&post=58292"}],"curies":[{"name":"wp","href":"https:\/\/api.w.org\/{rel}","templated":true}]}}