{"id":58279,"date":"2023-04-21T15:54:37","date_gmt":"2023-04-21T13:54:37","guid":{"rendered":"https:\/\/jugulajm.net\/?p=58279"},"modified":"2023-05-31T09:42:18","modified_gmt":"2023-05-31T07:42:18","slug":"foto-emri-prangoset-ne-korfuz-38-vjecari-sarandjot-tentoi-te-vriste-nje-shtetas-para-nje-viti","status":"publish","type":"post","link":"https:\/\/jugulajm.net\/?p=58279","title":{"rendered":"FOTO-EMRI\/ Prangoset n\u00eb Korfuz 38-vje\u00e7ari sarandjot, tentoi t\u00eb vriste nj\u00eb shtetas para nj\u00eb viti"},"content":{"rendered":"<p>Policia greke ka arrestuar t\u00eb shum\u00ebk\u00ebrkuarin Enivled Aliaj, 38 vje\u00e7.<\/p>\n<p>Operacioni i policis\u00eb u zhvillua n\u00eb 14 prill, pas kontrolleve nga skuadra DIAS dhe policia e Korfuzit.<\/p>\n<p>Policia shqiptare ka informuar policin\u00eb greke mbi vendndodhjen e t\u00eb shum\u00ebk\u00ebrkuarit. Enivled Aliaj rezulton i shpallur n\u00eb k\u00ebrkim nga Interpol Tirana p\u00ebr vepr\u00ebn penale \u201cvrasje me dashje e mbetur n\u00eb tentative\u201d.<\/p>\n<p>Aliaj n\u00eb 9 prill 2022, n\u00eb sh\u00ebtitoren e Sarand\u00ebs, ka tentuar t\u00eb vrase duke goditur disa her\u00eb me thik\u00eb shtetasin Dino Majko, aktualisht 30 vje\u00e7, duke e plagosur r\u00ebnde.<\/p>\n<p>1 muaj para ngjarjes Aliaj m\u00ebsohet se i kishte d\u00ebmtuar m\u00eb thik\u00eb gomat e makin\u00ebs Majkos dhe dy dit\u00eb pas k\u00ebsaj kishte kanosur me thik\u00eb brenda ambienteve t\u00eb Spitalit t\u00eb Sarand\u00ebs ish-bashk\u00ebshorten e tij.<\/p>\n<p>P\u00ebr k\u00ebt\u00eb ngjarje ndaj Aliajt ka nj\u00eb mas\u00eb t\u00eb dyt\u00eb sigurimi \u201cArrest ne burg\u201d dh\u00ebn\u00eb nga Gjykata e Apelit Gjirokast\u00ebr n\u00eb 5 maj 2022 p\u00ebr vepr\u00ebn penale \u201cdhun\u00eb n\u00eb familje\u201d.<\/p>\n<p>Nd\u00ebrkoh\u00eb p\u00ebr rastin e tentativ\u00ebs s\u00eb vrasjes ndaj Dino Majkos, n\u00eb Gjykat\u00ebn e Sarand\u00ebs po zhvillohet gjykimi ndaj shtetasit Enivled Aliaj.<\/p>\n<p><img decoding=\"async\" src=\"https:\/\/www.syri.net\/uploads\/syri.net\/images\/2023\/April\/21\/auto_acab4c08-f051-4537-8c8f-9f98e41cc458-343x4501682081029.jpeg\" alt=\"Image\" \/><\/p>\n<p><strong>Njoftimi i policis\u00eb:<\/strong><\/p>\n<p>Policia e Shtetit<\/p>\n<p>Finalizohet nj\u00eb tjet\u00ebr operacion i p\u00ebrbashk\u00ebt me homolog\u00ebt, p\u00ebr lokalizimin dhe kapjen e shtetasve t\u00eb k\u00ebrkuar nd\u00ebrkomb\u00ebtarisht, p\u00ebr krime kund\u00ebr personit.<\/p>\n<p>Operacioni policor i koduar \u201cIshulli\u201c, u finalizua si rezultat i bashk\u00ebpunimit nd\u00ebrmjet Policis\u00eb s\u00eb Shtetit dhe Policis\u00eb s\u00eb Greqis\u00eb, si dhe fal\u00eb shk\u00ebmbimit t\u00eb informacionit nd\u00ebrmjet Interpol Tiran\u00ebs dhe Interpol Athin\u00ebs.<\/p>\n<p>Tentoi t\u00eb vriste nj\u00eb shtetas, rreth nj\u00eb vit m\u00eb par\u00eb, n\u00eb Sarand\u00eb, duke e goditur disa her\u00eb me mjet prer\u00ebs (thik\u00eb), kapet n\u00eb Korfuz dhe arrestohet p\u00ebr t\u2019u ekstraduar drejt vendit ton\u00eb, 38-vje\u00e7ari i shpallur n\u00eb k\u00ebrkim.<\/p>\n<p>N\u00eb kuad\u00ebr t\u00eb bashk\u00ebpunimit t\u00eb vazhduesh\u00ebm me partner\u00ebt nd\u00ebrkomb\u00ebtar\u00eb, me q\u00ebllim lokalizimin, arrestimin dhe ekstradimin e shtetasve t\u00eb shpallur n\u00eb k\u00ebrkim nd\u00ebrkomb\u00ebtar p\u00ebr vepra t\u00eb ndryshme penale dhe si rezultat i shk\u00ebmbimit t\u00eb menj\u00ebhersh\u00ebm t\u00eb informacionit nd\u00ebrmjet Policis\u00eb s\u00eb Shtetit dhe Policis\u00eb s\u00eb Greqis\u00eb, p\u00ebr vendndodhjen e nj\u00eb shtetasi t\u00eb k\u00ebrkuar p\u00ebr krime kund\u00ebr personit, kan\u00eb organizuar dhe finalizuar operacionin policor t\u00eb koduar \u201cIshulli\u201d,<\/p>\n<p>Si rezultat i k\u00ebtij operacioni, \u00ebsht\u00eb kapur n\u00eb Korfuz, Greqi dhe \u00ebsht\u00eb arrestuar p\u00ebrkoh\u00ebsisht, me q\u00ebllim ekstradimin drejt vendit ton\u00eb, shtetasi i shpallur n\u00eb k\u00ebrkim nd\u00ebrkomb\u00ebtar Enivled Aliaj, 38 vje\u00e7, banues n\u00eb Sarand\u00eb.<\/p>\n<p>Ndaj 38-vje\u00e7arit, Gjykata e Rrethit Gjyq\u00ebsor Sarand\u00eb ka caktuar mas\u00ebn e siguris\u00eb \u201cArrest n\u00eb burg\u201d, p\u00ebr vepr\u00ebn penale \u201cVrasja me dashje\u201d, mbetur n\u00eb tentativ\u00eb. M\u00eb dat\u00eb 09.04.2022, n\u00eb lagjen nr. 1, Sarand\u00eb, dyshohet se pas nj\u00eb konflikti t\u00eb \u00e7astit, shtetasi E. A. ka goditur disa her\u00eb me mjet prer\u00ebs (thik\u00eb), n\u00eb pjes\u00eb t\u00eb ndryshme t\u00eb trupit, shtetasin D. M. dhe i ka shkaktuar atij, d\u00ebme serioze p\u00ebr jet\u00ebn dhe sh\u00ebndetin.<\/p>\n<p>Interpol Tirana, n\u00eb bashk\u00ebpunim me Interpol Athin\u00ebn, vijojn\u00eb veprimet p\u00ebr ekstradimin e 38-vje\u00e7arit, drejt vendit ton\u00eb.<\/p>\n","protected":false},"excerpt":{"rendered":"<p>Policia greke ka arrestuar t\u00eb shum\u00ebk\u00ebrkuarin Enivled Aliaj, 38 vje\u00e7. Operacioni i policis\u00eb u zhvillua n\u00eb 14 prill, pas kontrolleve nga skuadra DIAS dhe policia e Korfuzit. Policia shqiptare ka informuar policin\u00eb greke mbi vendndodhjen e t\u00eb shum\u00ebk\u00ebrkuarit. Enivled Aliaj rezulton i shpallur n\u00eb k\u00ebrkim nga Interpol Tirana p\u00ebr vepr\u00ebn penale \u201cvrasje me dashje e [&hellip;]<\/p>\n","protected":false},"author":5,"featured_media":52079,"comment_status":"closed","ping_status":"open","sticky":false,"template":"","format":"standard","meta":{"footnotes":""},"categories":[1,6332],"tags":[22944,22945],"class_list":{"0":"post-58279","1":"post","2":"type-post","3":"status-publish","4":"format-standard","5":"has-post-thumbnail","7":"category-aktualitet","8":"category-te-fundit","9":"tag-foto-emri-prangoset-ne-korfuz-38-vjecari-sarandjot","10":"tag-tentoi-te-vriste-nje-shtetas-para-nje-viti"},"_links":{"self":[{"href":"https:\/\/jugulajm.net\/index.php?rest_route=\/wp\/v2\/posts\/58279","targetHints":{"allow":["GET"]}}],"collection":[{"href":"https:\/\/jugulajm.net\/index.php?rest_route=\/wp\/v2\/posts"}],"about":[{"href":"https:\/\/jugulajm.net\/index.php?rest_route=\/wp\/v2\/types\/post"}],"author":[{"embeddable":true,"href":"https:\/\/jugulajm.net\/index.php?rest_route=\/wp\/v2\/users\/5"}],"replies":[{"embeddable":true,"href":"https:\/\/jugulajm.net\/index.php?rest_route=%2Fwp%2Fv2%2Fcomments&post=58279"}],"version-history":[{"count":0,"href":"https:\/\/jugulajm.net\/index.php?rest_route=\/wp\/v2\/posts\/58279\/revisions"}],"wp:featuredmedia":[{"embeddable":true,"href":"https:\/\/jugulajm.net\/index.php?rest_route=\/wp\/v2\/media\/52079"}],"wp:attachment":[{"href":"https:\/\/jugulajm.net\/index.php?rest_route=%2Fwp%2Fv2%2Fmedia&parent=58279"}],"wp:term":[{"taxonomy":"category","embeddable":true,"href":"https:\/\/jugulajm.net\/index.php?rest_route=%2Fwp%2Fv2%2Fcategories&post=58279"},{"taxonomy":"post_tag","embeddable":true,"href":"https:\/\/jugulajm.net\/index.php?rest_route=%2Fwp%2Fv2%2Ftags&post=58279"}],"curies":[{"name":"wp","href":"https:\/\/api.w.org\/{rel}","templated":true}]}}