{"id":58246,"date":"2023-04-20T13:18:06","date_gmt":"2023-04-20T11:18:06","guid":{"rendered":"https:\/\/jugulajm.net\/?p=58246"},"modified":"2023-05-31T09:42:18","modified_gmt":"2023-05-31T07:42:18","slug":"emrat-vritet-me-thike-shqiptarja-ne-itali-plagoset-bashkejetuesi-i-saj","status":"publish","type":"post","link":"https:\/\/jugulajm.net\/?p=58246","title":{"rendered":"EMRAT\/ Vritet me thik\u00eb shqiptarja n\u00eb Itali, plagoset bashk\u00ebjetuesi i saj"},"content":{"rendered":"<p>Nj\u00eb 38-vje\u00e7are shqiptare \u00ebsht\u00eb gjetur e vdekur n\u00eb sht\u00ebpin\u00eb e saj n\u00eb Itali pasditen e s\u00eb m\u00ebrkur\u00ebs rreth or\u00ebs 17:00.<\/p>\n<p>Sipas\u00a0<a href=\"https:\/\/milano.corriere.it\/notizie\/cronaca\/23_aprile_19\/scaldasole-donna-trovata-morta-in-casa-uccisa-a-coltellate-ferito-un-parente-ee21550a-cdf3-4037-b51a-f1b7e99aexlk.shtml\">mediave italiane,<\/a>\u00a0viktima \u00ebsht\u00eb identifikuar si Anila Ru\u00e7i, nd\u00ebrsa ka mbetur i plagosur personi q\u00eb jetonte me t\u00eb, Osman Bilyhu, 38 vje\u00e7, i cili mori plag\u00eb n\u00eb qaf\u00eb, krah dhe stomak.<\/p>\n<p>Shqiptarja u vra me thik\u00eb n\u00eb fyt n\u00eb sht\u00ebpin\u00eb ku jetonte n\u00eb Scaldasole n\u00eb provinc\u00ebn e\u00a0Pavias.<\/p>\n<p>Personin q\u00eb jetonte me t\u00eb, shqiptarja e kishte prezantuar si v\u00ebllan\u00eb e saj.<\/p>\n<p>Alarmin p\u00ebr vrasjen e ngriti estetistja me t\u00eb cil\u00ebn Anila Ruci kishte l\u00ebn\u00eb takim dhe kur kjo e fundit nuk kishte shkuar, ajo kishte njoftuar policin\u00eb.<\/p>\n<p>D\u00ebshmia e t\u00eb mbijetuarit q\u00eb po trajtohet n\u00eb spital do t\u00eb mund t\u00eb zbuloj\u00eb m\u00eb shum\u00eb detaje p\u00ebr ngjarjen e r\u00ebnd\u00eb.<\/p>\n<p>Hetuesit po hetojn\u00eb ende marr\u00ebdh\u00ebnien mes shqiptares dhe personit q\u00eb aktualisht ndodhet n\u00eb poliklinik\u00ebn San Matteo n\u00eb Pavia.<\/p>\n<p>Viktima punonte si kujdestare p\u00ebr t\u00eb moshuarit, kishte rreth nj\u00eb \u00a0vit q\u00eb jetonte n\u00eb Scaldasole dhe fliste pak italisht.<\/p>\n<p>Sipas Corriere Della Sera, n\u00eb Scaldasole fqinj\u00ebt nuk dinin detaje t\u00eb tjera rreth jet\u00ebs s\u00eb shqiptares.<\/p>\n","protected":false},"excerpt":{"rendered":"<p>Nj\u00eb 38-vje\u00e7are shqiptare \u00ebsht\u00eb gjetur e vdekur n\u00eb sht\u00ebpin\u00eb e saj n\u00eb Itali pasditen e s\u00eb m\u00ebrkur\u00ebs rreth or\u00ebs 17:00. Sipas\u00a0mediave italiane,\u00a0viktima \u00ebsht\u00eb identifikuar si Anila Ru\u00e7i, nd\u00ebrsa ka mbetur i plagosur personi q\u00eb jetonte me t\u00eb, Osman Bilyhu, 38 vje\u00e7, i cili mori plag\u00eb n\u00eb qaf\u00eb, krah dhe stomak. Shqiptarja u vra me thik\u00eb [&hellip;]<\/p>\n","protected":false},"author":5,"featured_media":0,"comment_status":"closed","ping_status":"open","sticky":false,"template":"","format":"standard","meta":{"footnotes":""},"categories":[1,7664,6332],"tags":[22928,22929],"class_list":{"0":"post-58246","1":"post","2":"type-post","3":"status-publish","4":"format-standard","6":"category-aktualitet","7":"category-bota","8":"category-te-fundit","9":"tag-emrat-vritet-me-thike-shqiptarja-ne-itali","10":"tag-plagoset-bashkejetuesi-i-saj"},"_links":{"self":[{"href":"https:\/\/jugulajm.net\/index.php?rest_route=\/wp\/v2\/posts\/58246","targetHints":{"allow":["GET"]}}],"collection":[{"href":"https:\/\/jugulajm.net\/index.php?rest_route=\/wp\/v2\/posts"}],"about":[{"href":"https:\/\/jugulajm.net\/index.php?rest_route=\/wp\/v2\/types\/post"}],"author":[{"embeddable":true,"href":"https:\/\/jugulajm.net\/index.php?rest_route=\/wp\/v2\/users\/5"}],"replies":[{"embeddable":true,"href":"https:\/\/jugulajm.net\/index.php?rest_route=%2Fwp%2Fv2%2Fcomments&post=58246"}],"version-history":[{"count":0,"href":"https:\/\/jugulajm.net\/index.php?rest_route=\/wp\/v2\/posts\/58246\/revisions"}],"wp:attachment":[{"href":"https:\/\/jugulajm.net\/index.php?rest_route=%2Fwp%2Fv2%2Fmedia&parent=58246"}],"wp:term":[{"taxonomy":"category","embeddable":true,"href":"https:\/\/jugulajm.net\/index.php?rest_route=%2Fwp%2Fv2%2Fcategories&post=58246"},{"taxonomy":"post_tag","embeddable":true,"href":"https:\/\/jugulajm.net\/index.php?rest_route=%2Fwp%2Fv2%2Ftags&post=58246"}],"curies":[{"name":"wp","href":"https:\/\/api.w.org\/{rel}","templated":true}]}}