{"id":58219,"date":"2023-04-19T18:42:16","date_gmt":"2023-04-19T16:42:16","guid":{"rendered":"https:\/\/jugulajm.net\/?p=58219"},"modified":"2023-05-31T09:42:19","modified_gmt":"2023-05-31T07:42:19","slug":"video-efi-quajti-luizin-mashtrues-reagimi-i-arber-dhe-oltes-bejne-xhiron-e-rrjetit","status":"publish","type":"post","link":"https:\/\/jugulajm.net\/?p=58219","title":{"rendered":"VIDEO\/ Efi quajti Luizin mashtrues, reagimi i Arb\u00ebr dhe Olt\u00ebs b\u00ebjn\u00eb xhiron e rrjetit"},"content":{"rendered":"<p>Mbremjen e djeshme u p\u00ebrball\u00ebn Luizi dhe Efi, dhe t\u00eb th\u00ebnat e tyre n\u00eb dhom\u00ebn e rr\u00ebfimit.<\/p>\n<p>Duket se miq\u00ebsia mes Luizit dhe Efit \u00ebsht\u00eb krisur. N\u00eb nj\u00eb video t\u00eb publikuar mbr\u00ebmjen e djeshme n\u00eb prime n\u00eb Big Brother, Luizi ka tentuar q\u00eb t\u2019i \u2018\u00e7jerr\u00eb\u2019 mask\u00ebn Efit, duke e akuzuar at\u00eb si g\u00ebnjeshtare. Gjat\u00eb bisedave me Kiar\u00ebn, Luizi i tregon asaj se Efi ka b\u00ebr\u00eb rolin e viktim\u00ebs, madje kjo gj\u00eb e nxori at\u00eb dhe t\u00eb preferuar te publiku. Nd\u00ebrkoh\u00eb Efi shkon deri aty sa e cil\u00ebson Luizin nj\u00eb shtrues klinik dhe paralajm\u00ebron se miq\u00ebsia e saj me t\u00eb jasht\u00eb nuk do t\u00eb vazhdoj\u00eb.<\/p>\n<p>N\u00eb momentin q\u00eb u pan\u00eb k\u00ebto transmetime nuk duhej t\u00eb humbaseshin reagimet e Arb\u00ebrit dhe Olta Gixharit.<\/p>\n<p>Dyshja jan\u00eb p\u00ebr\u00e7ar\u00eb pothuajse t\u00ebr\u00ebsisht. Dikur ishin miq tejet t\u00eb mir\u00eb, por rikthimi i Efit nuk u prit edhe aq mir\u00eb.<\/p>\n<p><img loading=\"lazy\" loading=\"lazy\" decoding=\"async\" class=\"alignnone wp-image-501403\" src=\"https:\/\/albeu.com\/wp-content\/uploads\/2023\/04\/download-3.png\" sizes=\"auto, (max-width: 669px) 100vw, 669px\" srcset=\"https:\/\/albeu.com\/wp-content\/uploads\/2023\/04\/download-3.png 396w, https:\/\/albeu.com\/wp-content\/uploads\/2023\/04\/download-3-300x277.png 300w\" alt=\"\" width=\"669\" height=\"617\" \/>\u00a0<img loading=\"lazy\" loading=\"lazy\" decoding=\"async\" class=\"alignnone wp-image-501404\" src=\"https:\/\/albeu.com\/wp-content\/uploads\/2023\/04\/download-2.png\" sizes=\"auto, (max-width: 666px) 100vw, 666px\" srcset=\"https:\/\/albeu.com\/wp-content\/uploads\/2023\/04\/download-2.png 318w, https:\/\/albeu.com\/wp-content\/uploads\/2023\/04\/download-2-224x300.png 224w\" alt=\"\" width=\"666\" height=\"890\" \/><\/p>\n<blockquote id=\"v53287065347783336\" class=\"tiktok-embed\" cite=\"https:\/\/www.tiktok.com\/@rebuildnow1\/video\/7223488408788733211\" data-video-id=\"7223488408788733211\"><p><iframe src=\"https:\/\/www.tiktok.com\/embed\/v2\/7223488408788733211?lang=en-GB&amp;referrer=https%3A%2F%2Falbeu.com%2Fshowbiz%2Fefi-quajti-luizin-mashtrues-reagimi-i-arber-hajdarit-dhe-olta-gixharit-bejne-xhiron-e-rrjetit-video%2F501397%2F%3Ffbclid%3DIwAR2UVpfBiZaMD-0lWJWyIPcXzWVLf8vZMdbl6lL2stIzxD20U-rJwHUb3Tc\" name=\"__tt_embed__v53287065347783336\" sandbox=\"allow-popups allow-popups-to-escape-sandbox allow-scripts allow-top-navigation allow-same-origin\" data-mce-fragment=\"1\"><\/iframe><\/p><\/blockquote>\n","protected":false},"excerpt":{"rendered":"<p>Mbremjen e djeshme u p\u00ebrball\u00ebn Luizi dhe Efi, dhe t\u00eb th\u00ebnat e tyre n\u00eb dhom\u00ebn e rr\u00ebfimit. Duket se miq\u00ebsia mes Luizit dhe Efit \u00ebsht\u00eb krisur. N\u00eb nj\u00eb video t\u00eb publikuar mbr\u00ebmjen e djeshme n\u00eb prime n\u00eb Big Brother, Luizi ka tentuar q\u00eb t\u2019i \u2018\u00e7jerr\u00eb\u2019 mask\u00ebn Efit, duke e akuzuar at\u00eb si g\u00ebnjeshtare. Gjat\u00eb bisedave [&hellip;]<\/p>\n","protected":false},"author":5,"featured_media":58220,"comment_status":"closed","ping_status":"open","sticky":false,"template":"","format":"standard","meta":{"footnotes":""},"categories":[1,6332],"tags":[22914,22913],"class_list":{"0":"post-58219","1":"post","2":"type-post","3":"status-publish","4":"format-standard","5":"has-post-thumbnail","7":"category-aktualitet","8":"category-te-fundit","9":"tag-reagimi-i-arber-dhe-oltes-bejne-xhiron-e-rrjetit","10":"tag-video-efi-quajti-luizin-mashtrues"},"_links":{"self":[{"href":"https:\/\/jugulajm.net\/index.php?rest_route=\/wp\/v2\/posts\/58219","targetHints":{"allow":["GET"]}}],"collection":[{"href":"https:\/\/jugulajm.net\/index.php?rest_route=\/wp\/v2\/posts"}],"about":[{"href":"https:\/\/jugulajm.net\/index.php?rest_route=\/wp\/v2\/types\/post"}],"author":[{"embeddable":true,"href":"https:\/\/jugulajm.net\/index.php?rest_route=\/wp\/v2\/users\/5"}],"replies":[{"embeddable":true,"href":"https:\/\/jugulajm.net\/index.php?rest_route=%2Fwp%2Fv2%2Fcomments&post=58219"}],"version-history":[{"count":0,"href":"https:\/\/jugulajm.net\/index.php?rest_route=\/wp\/v2\/posts\/58219\/revisions"}],"wp:featuredmedia":[{"embeddable":true,"href":"https:\/\/jugulajm.net\/index.php?rest_route=\/wp\/v2\/media\/58220"}],"wp:attachment":[{"href":"https:\/\/jugulajm.net\/index.php?rest_route=%2Fwp%2Fv2%2Fmedia&parent=58219"}],"wp:term":[{"taxonomy":"category","embeddable":true,"href":"https:\/\/jugulajm.net\/index.php?rest_route=%2Fwp%2Fv2%2Fcategories&post=58219"},{"taxonomy":"post_tag","embeddable":true,"href":"https:\/\/jugulajm.net\/index.php?rest_route=%2Fwp%2Fv2%2Ftags&post=58219"}],"curies":[{"name":"wp","href":"https:\/\/api.w.org\/{rel}","templated":true}]}}