{"id":58196,"date":"2023-04-19T12:46:00","date_gmt":"2023-04-19T10:46:00","guid":{"rendered":"https:\/\/jugulajm.net\/?p=58196"},"modified":"2023-05-31T09:42:19","modified_gmt":"2023-05-31T07:42:19","slug":"elektrifikimi-i-gjirokastres-ne-vitin-1932-ekspozite-me-foto-te-centralit-te-pare","status":"publish","type":"post","link":"https:\/\/jugulajm.net\/?p=58196","title":{"rendered":"Elektrifikimi i Gjirokastr\u00ebs n\u00eb vitin 1932, ekspozit\u00eb me foto t\u00eb centralit t\u00eb par\u00eb"},"content":{"rendered":"<p>M\u00eb 28 N\u00ebntor 1932, dat\u00eb q\u00eb p\u00ebrkoi edhe me p\u00ebrvjetorin e 20-t\u00eb t\u00eb Pavar\u00ebsis\u00eb Gjirokastra festoi nj\u00ebherazi fest\u00ebn komb\u00ebtare dhe elektrifikimin e lagjeve dhe banesave kryesore, duke u renditur mes t\u00eb parave qytete q\u00eb p\u00ebrqafuan zhvillimet n\u00eb teknologji.<\/p>\n<p>91 vite m\u00eb par\u00eb u vu n\u00eb funksion centrali elektrik i nd\u00ebrtuar me ekspertiz\u00eb italiane si nj\u00eb d\u00ebshmi e hershme e industrializimit dhe tendec\u00ebs p\u00ebr t\u00eb sjell\u00eb frym\u00eb per\u00ebndimore.<\/p>\n<p>N\u00eb nj\u00eb ceremoni t\u00eb ve\u00e7ant\u00eb shoq\u00ebruar me memorie fotografike dhe filmike t\u00eb rrug\u00ebs s\u00eb gjat\u00eb t\u00eb drit\u00ebs qyteti nderoi k\u00ebt\u00eb rrug\u00ebtim dhe disa prej kontributor\u00ebve kryesore nd\u00ebr vite.<\/p>\n<p>Anesti Kosta q\u00eb ka sh\u00ebrbyer p\u00ebr m\u00eb shum\u00eb se 40 vjet n\u00eb nd\u00ebrmarrjen elektrike dhe q\u00eb i p\u00ebrmblodhi t\u00eb gjitha kujtimet dhe d\u00ebshmit\u00eb e koh\u00ebs n\u00eb nj\u00eb lib\u00ebr foli p\u00ebr rrug\u00ebtim t\u00eb gjat\u00eb dhe qindra elektricist\u00eb q\u00eb i dhan\u00eb kuptim eventeve kryesore q\u00eb ka jetuar Gjirokastra nd\u00ebr vite.<\/p>\n<p>N\u00eb ceremoni u nderuan me certifikata mir\u00ebnjohjeje 8 punonj\u00ebs t\u00eb spikatur t\u00eb nd\u00ebrmarrjes elektrike mes t\u00eb cil\u00ebve edhe elektricist\u00eb q\u00eb nuk jetojn\u00eb m\u00eb.<\/p>\n<p>Vet\u00ebm gjat\u00eb 3 viteve t\u00eb fundit n\u00eb Gjirokast\u00ebr kan\u00eb humbur jet\u00ebn n\u00eb krye t\u00eb detyr\u00ebs 4 elektricist\u00eb.<\/p>\n","protected":false},"excerpt":{"rendered":"<p>M\u00eb 28 N\u00ebntor 1932, dat\u00eb q\u00eb p\u00ebrkoi edhe me p\u00ebrvjetorin e 20-t\u00eb t\u00eb Pavar\u00ebsis\u00eb Gjirokastra festoi nj\u00ebherazi fest\u00ebn komb\u00ebtare dhe elektrifikimin e lagjeve dhe banesave kryesore, duke u renditur mes t\u00eb parave qytete q\u00eb p\u00ebrqafuan zhvillimet n\u00eb teknologji. 91 vite m\u00eb par\u00eb u vu n\u00eb funksion centrali elektrik i nd\u00ebrtuar me ekspertiz\u00eb italiane si nj\u00eb [&hellip;]<\/p>\n","protected":false},"author":5,"featured_media":58197,"comment_status":"closed","ping_status":"open","sticky":false,"template":"","format":"standard","meta":{"footnotes":""},"categories":[1,6332],"tags":[22902,22901],"class_list":{"0":"post-58196","1":"post","2":"type-post","3":"status-publish","4":"format-standard","5":"has-post-thumbnail","7":"category-aktualitet","8":"category-te-fundit","9":"tag-ekspozite-me-foto-te-centralit-te-pare","10":"tag-elektrifikimi-i-gjirokastres-ne-vitin-1932"},"_links":{"self":[{"href":"https:\/\/jugulajm.net\/index.php?rest_route=\/wp\/v2\/posts\/58196","targetHints":{"allow":["GET"]}}],"collection":[{"href":"https:\/\/jugulajm.net\/index.php?rest_route=\/wp\/v2\/posts"}],"about":[{"href":"https:\/\/jugulajm.net\/index.php?rest_route=\/wp\/v2\/types\/post"}],"author":[{"embeddable":true,"href":"https:\/\/jugulajm.net\/index.php?rest_route=\/wp\/v2\/users\/5"}],"replies":[{"embeddable":true,"href":"https:\/\/jugulajm.net\/index.php?rest_route=%2Fwp%2Fv2%2Fcomments&post=58196"}],"version-history":[{"count":0,"href":"https:\/\/jugulajm.net\/index.php?rest_route=\/wp\/v2\/posts\/58196\/revisions"}],"wp:featuredmedia":[{"embeddable":true,"href":"https:\/\/jugulajm.net\/index.php?rest_route=\/wp\/v2\/media\/58197"}],"wp:attachment":[{"href":"https:\/\/jugulajm.net\/index.php?rest_route=%2Fwp%2Fv2%2Fmedia&parent=58196"}],"wp:term":[{"taxonomy":"category","embeddable":true,"href":"https:\/\/jugulajm.net\/index.php?rest_route=%2Fwp%2Fv2%2Fcategories&post=58196"},{"taxonomy":"post_tag","embeddable":true,"href":"https:\/\/jugulajm.net\/index.php?rest_route=%2Fwp%2Fv2%2Ftags&post=58196"}],"curies":[{"name":"wp","href":"https:\/\/api.w.org\/{rel}","templated":true}]}}