{"id":58158,"date":"2023-04-15T09:20:53","date_gmt":"2023-04-15T07:20:53","guid":{"rendered":"https:\/\/jugulajm.net\/?p=58158"},"modified":"2023-05-31T09:42:20","modified_gmt":"2023-05-31T07:42:20","slug":"moti-sot-reshje-dhe-vranesira-12","status":"publish","type":"post","link":"https:\/\/jugulajm.net\/?p=58158","title":{"rendered":"Moti sot\/ Reshje dhe vran\u00ebsira"},"content":{"rendered":"<p>Pjesa e par\u00eb e dit\u00ebs do t\u00eb jet\u00eb n\u00eb dominimin e vran\u00ebsirave t\u00eb shpeshta t\u00eb cilat do t\u00eb gjenerojn\u00eb reshje t\u00eb pakta shiu n\u00eb zonat veriore dhe pjes\u00ebrisht n\u00eb zonat qendrore.<\/p>\n<div class=\"jeg_ad jeg_ad_article jnews_content_inline_ads  \">\n<div class=\"ads-wrapper align-center \">\n<div class=\"ads_code\">Nd\u00ebrsa pjesa tjet\u00ebr e territorit do t\u00eb jet\u00eb me vran\u00ebsira t\u00eb shpeshta dhe intervale me kthjellime. Por parashikohet q\u00eb n\u00eb or\u00ebt e mesdit\u00ebs dhe n\u00eb vijim vran\u00ebsirat t\u00eb shtohen n\u00eb t\u00eb gjith\u00eb vendin ton\u00eb, duke gjeneruar reshje t\u00eb pakta dhe t\u00eb izoluara shiu. Pritet q\u00eb m\u00eb t\u00eb dukshme reshjet t\u00eb jen\u00eb n\u00eb gjysm\u00ebn lindore t\u00eb Shqip\u00ebris\u00eb.<\/div>\n<\/div>\n<\/div>\n<div class=\"jeg_ad jeg_ad_article jnews_content_inline_2_ads  \">\n<div class=\"ads-wrapper align-center \">\n<div class=\"ads_code\"><\/div>\n<\/div>\n<\/div>\n<p>Sipas MeteoAlb, temperaturat e ajrit do t\u00eb ulen n\u00eb m\u00ebngjes, por do t\u00eb rriten n\u00eb mesdit\u00eb duke u luhatur nga 3\u00b0C deri n\u00eb 22\u00b0C.<\/p>\n<p>Era do t\u00eb fryj\u00eb mesatare dhe e fort\u00eb n\u00eb det me shpejt\u00ebsi 45 km\/h kryesisht nga drejtimi Jugor duke sjell\u00eb n\u00eb brigjet detare dallg\u00ebzim mbi 3 ball\u00eb.<\/p>\n","protected":false},"excerpt":{"rendered":"<p>Pjesa e par\u00eb e dit\u00ebs do t\u00eb jet\u00eb n\u00eb dominimin e vran\u00ebsirave t\u00eb shpeshta t\u00eb cilat do t\u00eb gjenerojn\u00eb reshje t\u00eb pakta shiu n\u00eb zonat veriore dhe pjes\u00ebrisht n\u00eb zonat qendrore. Nd\u00ebrsa pjesa tjet\u00ebr e territorit do t\u00eb jet\u00eb me vran\u00ebsira t\u00eb shpeshta dhe intervale me kthjellime. Por parashikohet q\u00eb n\u00eb or\u00ebt e mesdit\u00ebs dhe [&hellip;]<\/p>\n","protected":false},"author":5,"featured_media":53315,"comment_status":"closed","ping_status":"open","sticky":false,"template":"","format":"standard","meta":{"footnotes":""},"categories":[7650,6332],"tags":[22083],"class_list":{"0":"post-58158","1":"post","2":"type-post","3":"status-publish","4":"format-standard","5":"has-post-thumbnail","7":"category-moti","8":"category-te-fundit","9":"tag-moti-sot-reshje-dhe-vranesira"},"_links":{"self":[{"href":"https:\/\/jugulajm.net\/index.php?rest_route=\/wp\/v2\/posts\/58158","targetHints":{"allow":["GET"]}}],"collection":[{"href":"https:\/\/jugulajm.net\/index.php?rest_route=\/wp\/v2\/posts"}],"about":[{"href":"https:\/\/jugulajm.net\/index.php?rest_route=\/wp\/v2\/types\/post"}],"author":[{"embeddable":true,"href":"https:\/\/jugulajm.net\/index.php?rest_route=\/wp\/v2\/users\/5"}],"replies":[{"embeddable":true,"href":"https:\/\/jugulajm.net\/index.php?rest_route=%2Fwp%2Fv2%2Fcomments&post=58158"}],"version-history":[{"count":0,"href":"https:\/\/jugulajm.net\/index.php?rest_route=\/wp\/v2\/posts\/58158\/revisions"}],"wp:featuredmedia":[{"embeddable":true,"href":"https:\/\/jugulajm.net\/index.php?rest_route=\/wp\/v2\/media\/53315"}],"wp:attachment":[{"href":"https:\/\/jugulajm.net\/index.php?rest_route=%2Fwp%2Fv2%2Fmedia&parent=58158"}],"wp:term":[{"taxonomy":"category","embeddable":true,"href":"https:\/\/jugulajm.net\/index.php?rest_route=%2Fwp%2Fv2%2Fcategories&post=58158"},{"taxonomy":"post_tag","embeddable":true,"href":"https:\/\/jugulajm.net\/index.php?rest_route=%2Fwp%2Fv2%2Ftags&post=58158"}],"curies":[{"name":"wp","href":"https:\/\/api.w.org\/{rel}","templated":true}]}}