{"id":58102,"date":"2023-04-13T15:38:16","date_gmt":"2023-04-13T13:38:16","guid":{"rendered":"https:\/\/jugulajm.net\/?p=58102"},"modified":"2023-05-31T09:42:21","modified_gmt":"2023-05-31T07:42:21","slug":"arrestimi-i-kryeplakut-babai-e-kapa-lakuriq-me-vajzen","status":"publish","type":"post","link":"https:\/\/jugulajm.net\/?p=58102","title":{"rendered":"Arrestimi i kryeplakut\/ Babai: E kapa lakuriq me vajz\u00ebn"},"content":{"rendered":"<p>Kall\u00ebzimi i babait t\u00eb nj\u00eb vajze n\u00eb fshatin Rehov\u00eb, ka sjell\u00eb arrestimin nga policia t\u00eb kryeplakut t\u00eb fshatit, Ervis Rapo, p\u00ebr akuz\u00ebn e \u201cKryerjes s\u00eb marr\u00ebdh\u00ebnies seksuale pa d\u00ebshir\u00eb me persona t\u00eb pazot\u00eb dhe t\u00eb pambrojtur\u201d.<\/p>\n<p>I riu rezulton t\u00eb jet\u00eb kapur n\u00eb flagranc\u00eb nga babai i vajz\u00ebs, i cili m\u00eb pas i \u00ebsht\u00eb drejtuar policis\u00eb duke depozituar kall\u00ebzim penal kund\u00ebr kryeplakut.<\/p>\n<p>Ora News\u201d ka m\u00ebsuar t\u00eb gjith\u00eb dinamik\u00ebn e k\u00ebtij krimi t\u00eb rr\u00ebfyer nga vet\u00eb babai por edhe vajza e d\u00ebmtuar. Dit\u00ebn e ndodhjes s\u00eb ngjarjes n\u00eb m\u00ebngjesin e 8 Prillit, Rapo, ndodhej n\u00eb qytetin e Kor\u00e7\u00ebs, ku \u00ebsht\u00eb takuar me punonj\u00ebsin e policis\u00eb A. M., me t\u00eb cilin ka konsumuar kafe para komisariatit t\u00eb k\u00ebtij qyteti.<\/p>\n<p>Nd\u00ebrsa n\u00eb or\u00ebt e drek\u00ebs, s\u00eb k\u00ebsaj dite kryeplaku Ervis Rapo, \u00ebsht\u00eb kapur nga babai i vajz\u00ebs, teksa abuzonte seksualisht me B.G, brenda n\u00eb sht\u00ebpin\u00eb e saj.<\/p>\n<p>Sipas babait t\u00eb vajz\u00ebs, n\u00eb dat\u00ebn 8 prill, ai \u00ebsht\u00eb kthyer n\u00eb banes\u00ebn e tij, teksa kishte mbaruar pun\u00ebt e p\u00ebrditshme n\u00eb fshat.<\/p>\n<p>N\u00eb banes\u00eb ndodhej vet\u00ebm vajza. Ku ka hyr\u00eb n\u00eb korridorin e sht\u00ebpis\u00eb, ka v\u00ebn\u00eb re se \u00e7do gj\u00eb ishte rr\u00ebmuj\u00eb dhe n\u00eb nj\u00eb cep ndodhej vajza e tij. Sip\u00ebr saj ishte kryeplaku i fshatit Rehov\u00eb, Ervis Rapo, i cili ndodhej i zhveshur dhe ja kishte z\u00ebn\u00eb goj\u00ebn duke kryer marr\u00ebdh\u00ebnie seksuale.<\/p>\n<p>T\u00eb nj\u00ebjt\u00ebt d\u00ebshmi ka dh\u00ebn\u00eb dhe vajza, e cila \u00ebsht\u00eb mar\u00eb n\u00eb pyetje n\u00eb prani t\u00eb punonj\u00ebsve social\u00eb dhe policis\u00eb.<\/p>\n<p>Nd\u00ebrsa kryeplaku Rapo, ka mohuar implikimin e tij n\u00eb k\u00ebt\u00eb rast p\u00ebrdhunimi, duke treguar n\u00eb polici se gjith\u00e7ka \u00ebsht\u00eb nj\u00eb hakmarrje personale e babait t\u00eb vajz\u00ebs, policia ka urdh\u00ebruar arrestimin e kryeplakut p\u00ebr akuz\u00ebn e m\u00ebsip\u00ebrme.<\/p>\n<p>Rapo, ka mohuar d\u00ebshmit\u00eb e tyre, duke pretenduar se gjith\u00e7ka \u00ebsht\u00eb kryer n\u00eb shenj\u00eb hakmarrje, pasi her\u00eb pas her\u00eb ai ka pasur konflikt me S. G.<\/p>\n","protected":false},"excerpt":{"rendered":"<p>Kall\u00ebzimi i babait t\u00eb nj\u00eb vajze n\u00eb fshatin Rehov\u00eb, ka sjell\u00eb arrestimin nga policia t\u00eb kryeplakut t\u00eb fshatit, Ervis Rapo, p\u00ebr akuz\u00ebn e \u201cKryerjes s\u00eb marr\u00ebdh\u00ebnies seksuale pa d\u00ebshir\u00eb me persona t\u00eb pazot\u00eb dhe t\u00eb pambrojtur\u201d. I riu rezulton t\u00eb jet\u00eb kapur n\u00eb flagranc\u00eb nga babai i vajz\u00ebs, i cili m\u00eb pas i \u00ebsht\u00eb drejtuar [&hellip;]<\/p>\n","protected":false},"author":5,"featured_media":58103,"comment_status":"closed","ping_status":"open","sticky":false,"template":"","format":"standard","meta":{"footnotes":""},"categories":[1,6332],"tags":[22851],"class_list":{"0":"post-58102","1":"post","2":"type-post","3":"status-publish","4":"format-standard","5":"has-post-thumbnail","7":"category-aktualitet","8":"category-te-fundit","9":"tag-arrestimi-i-kryeplakut-babai-e-kapa-lakuriq-me-vajzen"},"_links":{"self":[{"href":"https:\/\/jugulajm.net\/index.php?rest_route=\/wp\/v2\/posts\/58102","targetHints":{"allow":["GET"]}}],"collection":[{"href":"https:\/\/jugulajm.net\/index.php?rest_route=\/wp\/v2\/posts"}],"about":[{"href":"https:\/\/jugulajm.net\/index.php?rest_route=\/wp\/v2\/types\/post"}],"author":[{"embeddable":true,"href":"https:\/\/jugulajm.net\/index.php?rest_route=\/wp\/v2\/users\/5"}],"replies":[{"embeddable":true,"href":"https:\/\/jugulajm.net\/index.php?rest_route=%2Fwp%2Fv2%2Fcomments&post=58102"}],"version-history":[{"count":0,"href":"https:\/\/jugulajm.net\/index.php?rest_route=\/wp\/v2\/posts\/58102\/revisions"}],"wp:featuredmedia":[{"embeddable":true,"href":"https:\/\/jugulajm.net\/index.php?rest_route=\/wp\/v2\/media\/58103"}],"wp:attachment":[{"href":"https:\/\/jugulajm.net\/index.php?rest_route=%2Fwp%2Fv2%2Fmedia&parent=58102"}],"wp:term":[{"taxonomy":"category","embeddable":true,"href":"https:\/\/jugulajm.net\/index.php?rest_route=%2Fwp%2Fv2%2Fcategories&post=58102"},{"taxonomy":"post_tag","embeddable":true,"href":"https:\/\/jugulajm.net\/index.php?rest_route=%2Fwp%2Fv2%2Ftags&post=58102"}],"curies":[{"name":"wp","href":"https:\/\/api.w.org\/{rel}","templated":true}]}}