{"id":58077,"date":"2023-04-12T22:23:37","date_gmt":"2023-04-12T20:23:37","guid":{"rendered":"https:\/\/jugulajm.net\/?p=58077"},"modified":"2023-05-31T09:42:22","modified_gmt":"2023-05-31T07:42:22","slug":"lajm-i-fundit-alibardhi-alibasha-ne-gjirokaster-ngelen-pa-kandidat-shemsho-lamaj-terhiqet-me-nder","status":"publish","type":"post","link":"https:\/\/jugulajm.net\/?p=58077","title":{"rendered":"LAJM I FUNDIT!! AliBardhi &#038; AliBasha n\u00eb Gjirokast\u00ebr ngelen pa kandidat, Shemsho Lamaj t\u00ebrhiqet me nder"},"content":{"rendered":"<p>Nje veprim i shkelqyer, i matur, dhe i ardhur ne kohen e duhur nga Shemsho Lamaj, te cilit i&#8217;u kerkua nga trinomi AliBardhi &amp; AliBasha te kandidonte per kryetar bashkie ne Gjirokaster.<\/p>\n<p>Perms nje statusi ne FCB, zoti Lamaj ka deklaruar doreheqjen nga kjo gare ne Bashkine e Gjirokastres, duke e lene AliBardhak\u00ebt e AliBAshistet me gisht ne goje dhe te paperfaqesuar ne Bashkine e Gjirokastres.<\/p>\n<p>Zoti Lamaj ka percjelle ne nje shkrim te gjate dhe arsyet e terheqjes nga kjo gare, pasi sipas tij i sherben percarjes se demokrateve, kur vete PD ka zgjedhur kandidatin e saj per Bashkine e Gjirokastres, Dorian Lanin, i dale nga procesi i primareve ne dhjetorin e vitit te kaluar.<\/p>\n<p>Veprimi i Shemsho Lamajt eshte per t&#8217;u pershendetur dhe nje tjeter goditje per sherbetoret e Rilindjes ne Gjirokaster.<\/p>\n<p><strong>Deklarata e plote e Shemsho Lamaj:<\/strong><\/p>\n<div class=\"x11i5rnm xat24cr x1mh8g0r x1vvkbs xdj266r x126k92a\">\n<div dir=\"auto\">Kam kontribuar prej vitit 1991 si student dhe vazhdoj edhe sot te kontribuoj pran\u00eb PD-se, p\u00ebr vlerat q\u00eb kan\u00eb individ\u00ebt, por edhe p\u00ebr lirin\u00eb e fjal\u00ebs dhe si e vetmja forc\u00eb q\u00eb vrau frik\u00ebn.<\/div>\n<div dir=\"auto\">Rrug\u00ebtimi ka qen\u00eb i v\u00ebshtir\u00eb, ai ka patur ulje e ngritje. Me miqt\u00eb e mi demokrat kemi kaluar shume sfida, megjithat\u00eb sot jemi n\u00eb nj\u00eb p\u00ebrballje q\u00eb nuk e kishim menduar dhe q\u00eb nuk e meritojm\u00eb!<\/div>\n<div dir=\"auto\">Duke marr\u00eb shkas nga situata politike dhe gjendja ku sot ndodhet forca politike e PD-s\u00eb, shum\u00eb nga miqt\u00eb e mi nga e djathta por edhe t\u00eb pa k\u00ebnaqur t\u00eb elektoratit gri m\u00eb k\u00ebrkuan t\u00eb kandidoj p\u00ebr postin e Kryetarit t\u00eb bashkis\u00eb, gj\u00eb e cila m\u00eb b\u00ebri t\u00eb hezitoj per vete situaten politike ku jemi, por m\u00eb vuri edhe para p\u00ebrgjegj\u00ebsis\u00eb p\u00ebrball k\u00ebtyre njer\u00ebzve q\u00eb k\u00ebrkojn\u00eb shpres\u00ebn, t\u00eb lodhur dhe t\u00eb zhg\u00ebnjyer nga politika ,t\u00eb zhytur n\u00eb varf\u00ebri ku p\u00ebrdit\u00eb p\u00ebrcjellin familjare p\u00ebr n\u00eb per\u00ebndim. Dara e pushtetit nuk ka limte.<\/div>\n<div dir=\"auto\">Arsyet pse duhet te kandidoja :<\/div>\n<div dir=\"auto\">&#8211; Aderimin n\u00eb k\u00ebt\u00eb forc\u00eb politike prej 1991, ku kam qen\u00eb dhe jam pjes\u00eb e strukturave dhe kam qen\u00eb pran\u00eb cdo demokrati edhe ne vitet e v\u00ebshtira<\/div>\n<div dir=\"auto\">&#8211; Kam eksperiencen administrative pasi jam formesuar n\u00eb koh\u00ebn q\u00eb PD-ja ishte n\u00eb qeverisje.<\/div>\n<div dir=\"auto\">&#8211; Jam n\u00eb kontakt cdo dit\u00eb me demokrat\u00ebt dhe me qytetar\u00ebt qe nga Dunavati, Manalati deri n\u00eb fshatin m\u00eb t\u00eb larg\u00ebt t\u00eb Gjirokastres .<\/div>\n<div dir=\"auto\">&#8211; Kam njohje te konsiderueshme dhe g\u00ebzoj respekt si profesionist por edhe si intelektual.<\/div>\n<div dir=\"auto\">&#8211; P\u00ebrball\u00eb kemi nje person n\u00ebn petkun e pushtetit dhe q\u00eb e p\u00ebrdor at\u00eb kudo dhe mbi k\u00ebdo.<\/div>\n<div dir=\"auto\">&#8211; Shpresa e vrar\u00eb te qytetar\u00ebt e Gjirokastr\u00ebs q\u00eb cdo dit\u00eb ndjejn\u00eb bastisje n\u00eb qytetin e kthyer n\u00eb k\u00ebshtjella t\u00eb heshtura me drynin n\u00eb porta.<\/div>\n<\/div>\n<div class=\"x11i5rnm xat24cr x1mh8g0r x1vvkbs xtlvy1s x126k92a\">\n<div dir=\"auto\">Arsyet pse nuk do t\u00eb marr\u00eb pjes\u00eb n\u00eb k\u00ebt\u00eb gar\u00eb ( kjo edhe me miratimin e deges se PD Gjirokaster):<\/div>\n<div dir=\"auto\">&#8211; Nuk dua q\u00eb ti sh\u00ebrbej p\u00ebr\u00e7arjes t\u00eb s\u00eb djatht\u00ebs, sepse ka patur nj\u00eb rrug\u00ebtim t\u00eb v\u00ebshtir\u00eb dhe me shum\u00eb pengesa.<\/div>\n<div dir=\"auto\">&#8211; Me keqardhje, por demokrat\u00ebve ju duhet koh\u00eb p\u00ebr te vecuar liderin shpirt\u00ebror nga e ardhmja (fali Zot se nuk din\u00eb se cfar\u00eb b\u00ebjn\u00eb).<\/div>\n<\/div>\n<div class=\"x11i5rnm xat24cr x1mh8g0r x1vvkbs xtlvy1s x126k92a\">\n<div dir=\"auto\">&#8211; Nuk dua q\u00eb t\u00eb ndizet debat midis demokrat\u00ebve dhe ti vendosim epitete t\u00eb paq\u00ebna nj\u00ebri -tjetrit.<\/div>\n<div dir=\"auto\">&#8211; Sot jemi n\u00eb nj\u00eb l\u00ebvizje kaotike dhe si intelektual nuk duhet ta nxis kaosin por t\u00eb vendos para p\u00ebrgjegj\u00ebsis\u00eb ata q\u00eb p\u00ebr arsye personale dhe familjare vendosin p\u00ebrball\u00eb demokrat\u00ebt.<\/div>\n<\/div>\n<div class=\"x11i5rnm xat24cr x1mh8g0r x1vvkbs xtlvy1s x126k92a\">\n<div dir=\"auto\">Duke qen\u00eb se cdo gj\u00eb do koh\u00ebn e vet p\u00ebr tu maturuar, un\u00eb me qytetari dhe me pjekuri ,me nderim p\u00ebr cdo demokrat ju b\u00ebj thirrje q\u00eb t\u00eb lini emocionet por t\u00eb kthjelloheni dhe t\u00eb analizoni se jan\u00eb momente historike dhe me pasoja socialo-ekonomike.<\/div>\n<\/div>\n<div class=\"x11i5rnm xat24cr x1mh8g0r x1vvkbs xtlvy1s x126k92a\">\n<div dir=\"auto\">I bindur se dualiteti I kandidaturave te djathta do te avantazhonte te majten, por edhe ju te nderuar demokrat nuk duhet ta mbartni turpin e mos votimit te PD-se dhe te votoni nje parti te majte ,pasi ishte kjo force politike qe na nxorri ne opozite ne 2013 , qe largonte pa meshire demokratet nga puna , ishte kjo force politike bashkepergjegjese per represionin ne 2014 mbi fshatin Lazarat qe me nje brutalitet te pashoq terrorizuan popullin atje duke u shkaterruar pronen, duke I burgosur djemte e fshatit edhe me Burgim te perjetshem ( kujtojme qe PS ne ate periudhe nuk mund te qeveriste e vetme si dhe Ministria e drejtesise drejtohej nga LSI ), per kanabizimin e vendit , miratimin e reformes per ndarjen administrative e cila favorizon teresisht PS dhe te tjera mekate qe kane rene mbi kurrizin tone .<\/div>\n<\/div>\n<div class=\"x11i5rnm xat24cr x1mh8g0r x1vvkbs xtlvy1s x126k92a\">\n<div dir=\"auto\">Nuk mund t\u00eb bujtni te nderuar demokrat n\u00eb sht\u00ebpin\u00eb e tjetrit e ta ndjeni veten zot. Cdo sht\u00ebpi ka probleme, por ti zgjidhim te sht\u00ebpia jon\u00eb e cila \u00ebsht\u00eb vet\u00ebm nj\u00eb &#8211; PD.<\/div>\n<div dir=\"auto\">Koalicione jan\u00eb b\u00ebr\u00eb edhe m\u00eb par\u00eb, para dhe pas zgjedhore, por PD-ja nuk ka l\u00ebvizur. Kan\u00eb ardhur dhe ikur, por jo demokratet; Nuk \u00ebsht\u00eb n\u00eb dinjitetin e tyre tjet\u00ebrsimi dhe aq m\u00eb keq vota e tyre majtas!<\/div>\n<\/div>\n<div class=\"x11i5rnm xat24cr x1mh8g0r x1vvkbs xtlvy1s x126k92a\">\n<div dir=\"auto\">Terheqja nuk eshte braktisje e frontit por nje mundesi per te konceptuar te gjithe te ardhmen dhe nuk eshte lufte per pushtet por vizion .<\/div>\n<div dir=\"auto\">Do vazhdoj te udheheq betejen elektorale per te mbledhur vota per Partine Demokratike .<\/div>\n<div dir=\"auto\">Rrofte PD &#8211; ja !<\/div>\n<\/div>\n","protected":false},"excerpt":{"rendered":"<p>Nje veprim i shkelqyer, i matur, dhe i ardhur ne kohen e duhur nga Shemsho Lamaj, te cilit i&#8217;u kerkua nga trinomi AliBardhi &amp; AliBasha te kandidonte per kryetar bashkie ne Gjirokaster. Perms nje statusi ne FCB, zoti Lamaj ka deklaruar doreheqjen nga kjo gare ne Bashkine e Gjirokastres, duke e lene AliBardhak\u00ebt e AliBAshistet [&hellip;]<\/p>\n","protected":false},"author":5,"featured_media":58078,"comment_status":"closed","ping_status":"open","sticky":false,"template":"","format":"standard","meta":{"footnotes":""},"categories":[6326,6332],"tags":[22842],"class_list":{"0":"post-58077","1":"post","2":"type-post","3":"status-publish","4":"format-standard","5":"has-post-thumbnail","7":"category-politike","8":"category-te-fundit","9":"tag-shemsho-lamaj"},"_links":{"self":[{"href":"https:\/\/jugulajm.net\/index.php?rest_route=\/wp\/v2\/posts\/58077","targetHints":{"allow":["GET"]}}],"collection":[{"href":"https:\/\/jugulajm.net\/index.php?rest_route=\/wp\/v2\/posts"}],"about":[{"href":"https:\/\/jugulajm.net\/index.php?rest_route=\/wp\/v2\/types\/post"}],"author":[{"embeddable":true,"href":"https:\/\/jugulajm.net\/index.php?rest_route=\/wp\/v2\/users\/5"}],"replies":[{"embeddable":true,"href":"https:\/\/jugulajm.net\/index.php?rest_route=%2Fwp%2Fv2%2Fcomments&post=58077"}],"version-history":[{"count":0,"href":"https:\/\/jugulajm.net\/index.php?rest_route=\/wp\/v2\/posts\/58077\/revisions"}],"wp:featuredmedia":[{"embeddable":true,"href":"https:\/\/jugulajm.net\/index.php?rest_route=\/wp\/v2\/media\/58078"}],"wp:attachment":[{"href":"https:\/\/jugulajm.net\/index.php?rest_route=%2Fwp%2Fv2%2Fmedia&parent=58077"}],"wp:term":[{"taxonomy":"category","embeddable":true,"href":"https:\/\/jugulajm.net\/index.php?rest_route=%2Fwp%2Fv2%2Fcategories&post=58077"},{"taxonomy":"post_tag","embeddable":true,"href":"https:\/\/jugulajm.net\/index.php?rest_route=%2Fwp%2Fv2%2Ftags&post=58077"}],"curies":[{"name":"wp","href":"https:\/\/api.w.org\/{rel}","templated":true}]}}