{"id":58058,"date":"2023-04-12T15:08:19","date_gmt":"2023-04-12T13:08:19","guid":{"rendered":"https:\/\/jugulajm.net\/?p=58058"},"modified":"2023-05-31T09:42:22","modified_gmt":"2023-05-31T07:42:22","slug":"aktori-shqiptar-merr-shtetesine-greke-pas-26-vitesh-flet-per-racizmin-e-perjetuar-ne-shkolle","status":"publish","type":"post","link":"https:\/\/jugulajm.net\/?p=58058","title":{"rendered":"Aktori shqiptar merr shtet\u00ebsin\u00eb greke pas 26 vitesh, flet p\u00ebr racizmin e p\u00ebrjetuar n\u00eb shkoll\u00eb"},"content":{"rendered":"<p>Aktori i njohur me origjin\u00eb shqiptare Nikos Gelia, pas 26 vitesh ka arritur t\u00eb marr\u00eb pasaport\u00eb greke.<\/p>\n<p>N\u00eb nj\u00eb emision ai ka treguar se si 26 vite m\u00eb par\u00eb shkoi n\u00eb Greqi vet\u00ebm, n\u00eb mosh\u00ebn 6 vje\u00e7are nga Tiran\u00eb n\u00eb Athin\u00eb. Ai\u00a0 rr\u00ebfyer p\u00ebr v\u00ebshtir\u00ebsit\u00eb q\u00eb ka hasur, por edhe p\u00ebr racizmin q\u00eb ka p\u00ebrjetuar n\u00eb shoq\u00ebri dhe n\u00eb shkoll\u00eb p\u00ebr origjin\u00ebn e tij.<\/p>\n<p>\u201cM\u00eb desh\u00ebn 26 vjet p\u00ebr t\u00eb marr\u00eb kart\u00ebn e identitetit grek. \u00cbsht\u00eb nj\u00eb proces q\u00eb k\u00ebrkon shum\u00eb koh\u00eb me shum\u00eb \u201cpritje\u201d, shum\u00eb takime dhe shum\u00eb dokumente. Papritmas, nj\u00eb let\u00ebr erdhi n\u00eb sht\u00ebpi dhe ata than\u00eb \u2018hajani dhe merrni at\u00eb. \u00cbsht\u00eb e \u00e7uditshme, sepse un\u00eb jam n\u00eb ballkon duke pir\u00eb duhan dhe vjen nj\u00eb zot\u00ebri dhe mendova se ishte korrier. M\u00eb pyeti n\u00ebse mund t\u00eb kishte pasaport\u00ebn time. Nd\u00ebrkoh\u00eb nuk e gjeta, por diplom\u00ebn e kisha. Pasaporta ime ishte shqiptare\u201d , shtoi ai.<\/p>\n<p>\u201cKam ardhur vet\u00ebm nga Tirana me nj\u00eb taksi. Kam q\u00ebndruar nj\u00eb vit pa prind\u00ebrit dhe kam jetuar n\u00eb sht\u00ebpin\u00eb e tezes. Taksi m\u00eb mori dhe m\u00eb solli k\u00ebtu. M\u00eb kujtohen disa gj\u00ebra gjat\u00eb rrug\u00ebs. Radha e madhe n\u00eb kufi. Frika ime ishte se mos m\u00eb kthenin pas\u201d, tha ai.<\/p>\n<p>Nd\u00ebr t\u00eb tjera ai ka treguar p\u00ebr rastin n\u00eb shkoll\u00eb kur m\u00ebsuesja nuk e ka ngritur n\u00eb m\u00ebsimin e historis\u00eb duke i th\u00ebn\u00eb \u201cti je shqiptar, nuk ke t\u00eb drejt\u00ebn t\u00eb flas\u00ebsh p\u00ebr historin\u00eb greke\u201d.<\/p>\n<p>Kujtojm\u00eb q\u00eb aktori momentalisht luan n\u00eb serialin \u201cMavros Rodhos\u201d, q\u00eb \u00ebsht\u00eb nd\u00ebr m\u00eb t\u00eb ndjekuroit n\u00eb vendin fqinj.<\/p>\n","protected":false},"excerpt":{"rendered":"<p>Aktori i njohur me origjin\u00eb shqiptare Nikos Gelia, pas 26 vitesh ka arritur t\u00eb marr\u00eb pasaport\u00eb greke. N\u00eb nj\u00eb emision ai ka treguar se si 26 vite m\u00eb par\u00eb shkoi n\u00eb Greqi vet\u00ebm, n\u00eb mosh\u00ebn 6 vje\u00e7are nga Tiran\u00eb n\u00eb Athin\u00eb. Ai\u00a0 rr\u00ebfyer p\u00ebr v\u00ebshtir\u00ebsit\u00eb q\u00eb ka hasur, por edhe p\u00ebr racizmin q\u00eb ka p\u00ebrjetuar [&hellip;]<\/p>\n","protected":false},"author":5,"featured_media":58059,"comment_status":"closed","ping_status":"open","sticky":false,"template":"","format":"standard","meta":{"footnotes":""},"categories":[7665,6332],"tags":[22827,22828],"class_list":{"0":"post-58058","1":"post","2":"type-post","3":"status-publish","4":"format-standard","5":"has-post-thumbnail","7":"category-art","8":"category-te-fundit","9":"tag-aktori-shqiptar-merr-shtetesine-greke-pas-26-vitesh","10":"tag-flet-per-racizmin-e-perjetuar-ne-shkolle"},"_links":{"self":[{"href":"https:\/\/jugulajm.net\/index.php?rest_route=\/wp\/v2\/posts\/58058","targetHints":{"allow":["GET"]}}],"collection":[{"href":"https:\/\/jugulajm.net\/index.php?rest_route=\/wp\/v2\/posts"}],"about":[{"href":"https:\/\/jugulajm.net\/index.php?rest_route=\/wp\/v2\/types\/post"}],"author":[{"embeddable":true,"href":"https:\/\/jugulajm.net\/index.php?rest_route=\/wp\/v2\/users\/5"}],"replies":[{"embeddable":true,"href":"https:\/\/jugulajm.net\/index.php?rest_route=%2Fwp%2Fv2%2Fcomments&post=58058"}],"version-history":[{"count":0,"href":"https:\/\/jugulajm.net\/index.php?rest_route=\/wp\/v2\/posts\/58058\/revisions"}],"wp:featuredmedia":[{"embeddable":true,"href":"https:\/\/jugulajm.net\/index.php?rest_route=\/wp\/v2\/media\/58059"}],"wp:attachment":[{"href":"https:\/\/jugulajm.net\/index.php?rest_route=%2Fwp%2Fv2%2Fmedia&parent=58058"}],"wp:term":[{"taxonomy":"category","embeddable":true,"href":"https:\/\/jugulajm.net\/index.php?rest_route=%2Fwp%2Fv2%2Fcategories&post=58058"},{"taxonomy":"post_tag","embeddable":true,"href":"https:\/\/jugulajm.net\/index.php?rest_route=%2Fwp%2Fv2%2Ftags&post=58058"}],"curies":[{"name":"wp","href":"https:\/\/api.w.org\/{rel}","templated":true}]}}