{"id":58043,"date":"2023-04-12T09:16:03","date_gmt":"2023-04-12T07:16:03","guid":{"rendered":"https:\/\/jugulajm.net\/?p=58043"},"modified":"2023-05-31T09:42:22","modified_gmt":"2023-05-31T07:42:22","slug":"moti-sot-i-kthjellet-25","status":"publish","type":"post","link":"https:\/\/jugulajm.net\/?p=58043","title":{"rendered":"Moti sot\/ I kthjell\u00ebt"},"content":{"rendered":"<p>Sipas MeteoAlb, deri n\u00eb mesdit\u00eb pothuajse i gjith\u00eb territori do t\u00eb jet\u00eb n\u00eb dominimin e kthjellimeve n\u00eb nj\u00eb pjes\u00eb t\u00eb mir\u00eb t\u00eb vendit ton\u00eb, por n\u00eb zonat malore pritet t\u00eb ket\u00eb kalime t\u00eb lehta t\u00eb vran\u00ebsirave.<\/p>\n<p>Nd\u00ebrsa n\u00eb pjes\u00ebn e dyt\u00eb t\u00eb dit\u00ebs parashikohet q\u00eb vran\u00ebsirat t\u00eb shtohen gradualisht, duke b\u00ebr\u00eb q\u00eb t\u00eb ket\u00eb kalime t\u00eb pakta t\u00eb vran\u00ebsirave n\u00eb t\u00eb gjith\u00eb Shqip\u00ebrin\u00eb.<\/p>\n<p>N\u00eb zonat verilindore dhe juglindore vran\u00ebsirat do t\u00eb jen\u00eb m\u00eb t\u00eb shpeshta por nuk do t\u00eb sjellin peraturat e ajrit do t\u00eb rriten n\u00eb m\u00ebngjes dhe n\u00eb mesdit\u00eb duke u luhatur nga 2\u00b0C deri n\u00eb 21\u00b0C.<\/p>\n<p>Era do t\u00eb fryj\u00eb e leht\u00eb dhe mesatare n\u00eb det me shpejt\u00ebsi 28 km\/h kryesisht nga drejtimi Per\u00ebndimor duke sjell\u00eb n\u00eb brigjet detare dallg\u00ebzim t\u00eb ul\u00ebt.\u00a0<em><strong>\u00a0<\/strong><\/em><\/p>\n","protected":false},"excerpt":{"rendered":"<p>Sipas MeteoAlb, deri n\u00eb mesdit\u00eb pothuajse i gjith\u00eb territori do t\u00eb jet\u00eb n\u00eb dominimin e kthjellimeve n\u00eb nj\u00eb pjes\u00eb t\u00eb mir\u00eb t\u00eb vendit ton\u00eb, por n\u00eb zonat malore pritet t\u00eb ket\u00eb kalime t\u00eb lehta t\u00eb vran\u00ebsirave. Nd\u00ebrsa n\u00eb pjes\u00ebn e dyt\u00eb t\u00eb dit\u00ebs parashikohet q\u00eb vran\u00ebsirat t\u00eb shtohen gradualisht, duke b\u00ebr\u00eb q\u00eb t\u00eb ket\u00eb kalime [&hellip;]<\/p>\n","protected":false},"author":5,"featured_media":47843,"comment_status":"closed","ping_status":"open","sticky":false,"template":"","format":"standard","meta":{"footnotes":""},"categories":[7650,6332],"tags":[21887],"class_list":{"0":"post-58043","1":"post","2":"type-post","3":"status-publish","4":"format-standard","5":"has-post-thumbnail","7":"category-moti","8":"category-te-fundit","9":"tag-moti-sot-i-kthjellet"},"_links":{"self":[{"href":"https:\/\/jugulajm.net\/index.php?rest_route=\/wp\/v2\/posts\/58043","targetHints":{"allow":["GET"]}}],"collection":[{"href":"https:\/\/jugulajm.net\/index.php?rest_route=\/wp\/v2\/posts"}],"about":[{"href":"https:\/\/jugulajm.net\/index.php?rest_route=\/wp\/v2\/types\/post"}],"author":[{"embeddable":true,"href":"https:\/\/jugulajm.net\/index.php?rest_route=\/wp\/v2\/users\/5"}],"replies":[{"embeddable":true,"href":"https:\/\/jugulajm.net\/index.php?rest_route=%2Fwp%2Fv2%2Fcomments&post=58043"}],"version-history":[{"count":0,"href":"https:\/\/jugulajm.net\/index.php?rest_route=\/wp\/v2\/posts\/58043\/revisions"}],"wp:featuredmedia":[{"embeddable":true,"href":"https:\/\/jugulajm.net\/index.php?rest_route=\/wp\/v2\/media\/47843"}],"wp:attachment":[{"href":"https:\/\/jugulajm.net\/index.php?rest_route=%2Fwp%2Fv2%2Fmedia&parent=58043"}],"wp:term":[{"taxonomy":"category","embeddable":true,"href":"https:\/\/jugulajm.net\/index.php?rest_route=%2Fwp%2Fv2%2Fcategories&post=58043"},{"taxonomy":"post_tag","embeddable":true,"href":"https:\/\/jugulajm.net\/index.php?rest_route=%2Fwp%2Fv2%2Ftags&post=58043"}],"curies":[{"name":"wp","href":"https:\/\/api.w.org\/{rel}","templated":true}]}}