{"id":58030,"date":"2023-04-11T19:54:04","date_gmt":"2023-04-11T17:54:04","guid":{"rendered":"https:\/\/jugulajm.net\/?p=58030"},"modified":"2023-05-31T09:42:23","modified_gmt":"2023-05-31T07:42:23","slug":"memaliaj-rrahu-mesuesen-procedohet-41-vjecarja","status":"publish","type":"post","link":"https:\/\/jugulajm.net\/?p=58030","title":{"rendered":"Memaliaj\/ Rrahu m\u00ebsuesen, procedohet 41-vje\u00e7arja"},"content":{"rendered":"<p>\u00cbsht\u00eb proceduar penalisht nj\u00eb 41-vje\u00e7are n\u00eb Memaliaj pasi\u00a0<a href=\"https:\/\/www.faxweb.al\/gjeti-mbesen-duke-qare-tezja-hakmerret-dhe-dhunon-mesuesen-e-shkolles-9-vjecare-ne-memaliaj\/\">dhunoi<\/a>\u00a0m\u00ebsuesen e mbes\u00ebs s\u00eb tij.<\/p>\n<p>Shtetasja S.k ka dhunuar m\u00ebsuesen n\u00eb krye t\u00eb detyr\u00ebs, pasi kjo e fundit ka dhunuar dhe bullizuar mbes\u00ebn e 41-vje\u00e7ares.<\/p>\n<p>Ajo akuzohet p\u00ebr vepr\u00ebn penale \u201cGoditja p\u00ebr shkak t\u00eb detyr\u00ebs\u201d.<\/p>\n<p><strong>Njoftimi i policise:<\/strong><\/p>\n<p>Dhunoi fizikisht nj\u00eb shtetase (m\u00ebsuese), procedohet penalisht 41-vje\u00e7arja.<\/p>\n<p>Sh\u00ebrbimet e Stacionit t\u00eb Policis\u00eb Memaliaj referuan materialet n\u00eb Prokurori dhe nisi procedimi n\u00eb gjendje t\u00eb lir\u00eb p\u00ebr shtetasen S. K., 41 vje\u00e7e, p\u00ebr vepr\u00ebn penale \u201cGoditja p\u00ebr shkak t\u00eb detyr\u00ebs\u201d.<\/p>\n<p>Dit\u00ebn e sotme, n\u00eb ambientet e shkoll\u00ebs 9-vje\u00e7are Memaliaj, pas nj\u00eb konflikti t\u00eb \u00e7astit p\u00ebr motive t\u00eb dob\u00ebta, 41-vje\u00e7arja (familjare e nj\u00eb nx\u00ebn\u00ebseje) ka dhunuar fizikisht nj\u00eb m\u00ebsuese n\u00eb k\u00ebt\u00eb shkoll\u00eb.<\/p>\n<p>Materialet procedurale n\u00eb ngarkim t\u00eb shtetases S. K. i kaluan Prokuroris\u00eb pran\u00eb Gjykat\u00ebs s\u00eb Rrethit Gjyq\u00ebsor Gjirokast\u00ebr, p\u00ebr veprime t\u00eb m\u00ebtejshme.<\/p>\n","protected":false},"excerpt":{"rendered":"<p>\u00cbsht\u00eb proceduar penalisht nj\u00eb 41-vje\u00e7are n\u00eb Memaliaj pasi\u00a0dhunoi\u00a0m\u00ebsuesen e mbes\u00ebs s\u00eb tij. Shtetasja S.k ka dhunuar m\u00ebsuesen n\u00eb krye t\u00eb detyr\u00ebs, pasi kjo e fundit ka dhunuar dhe bullizuar mbes\u00ebn e 41-vje\u00e7ares. Ajo akuzohet p\u00ebr vepr\u00ebn penale \u201cGoditja p\u00ebr shkak t\u00eb detyr\u00ebs\u201d. Njoftimi i policise: Dhunoi fizikisht nj\u00eb shtetase (m\u00ebsuese), procedohet penalisht 41-vje\u00e7arja. Sh\u00ebrbimet e [&hellip;]<\/p>\n","protected":false},"author":5,"featured_media":58031,"comment_status":"closed","ping_status":"open","sticky":false,"template":"","format":"standard","meta":{"footnotes":""},"categories":[1,6332],"tags":[22816,22817],"class_list":{"0":"post-58030","1":"post","2":"type-post","3":"status-publish","4":"format-standard","5":"has-post-thumbnail","7":"category-aktualitet","8":"category-te-fundit","9":"tag-memaliaj-rrahu-mesuesen","10":"tag-procedohet-41-vjecarja"},"_links":{"self":[{"href":"https:\/\/jugulajm.net\/index.php?rest_route=\/wp\/v2\/posts\/58030","targetHints":{"allow":["GET"]}}],"collection":[{"href":"https:\/\/jugulajm.net\/index.php?rest_route=\/wp\/v2\/posts"}],"about":[{"href":"https:\/\/jugulajm.net\/index.php?rest_route=\/wp\/v2\/types\/post"}],"author":[{"embeddable":true,"href":"https:\/\/jugulajm.net\/index.php?rest_route=\/wp\/v2\/users\/5"}],"replies":[{"embeddable":true,"href":"https:\/\/jugulajm.net\/index.php?rest_route=%2Fwp%2Fv2%2Fcomments&post=58030"}],"version-history":[{"count":0,"href":"https:\/\/jugulajm.net\/index.php?rest_route=\/wp\/v2\/posts\/58030\/revisions"}],"wp:featuredmedia":[{"embeddable":true,"href":"https:\/\/jugulajm.net\/index.php?rest_route=\/wp\/v2\/media\/58031"}],"wp:attachment":[{"href":"https:\/\/jugulajm.net\/index.php?rest_route=%2Fwp%2Fv2%2Fmedia&parent=58030"}],"wp:term":[{"taxonomy":"category","embeddable":true,"href":"https:\/\/jugulajm.net\/index.php?rest_route=%2Fwp%2Fv2%2Fcategories&post=58030"},{"taxonomy":"post_tag","embeddable":true,"href":"https:\/\/jugulajm.net\/index.php?rest_route=%2Fwp%2Fv2%2Ftags&post=58030"}],"curies":[{"name":"wp","href":"https:\/\/api.w.org\/{rel}","templated":true}]}}