{"id":57945,"date":"2023-04-09T16:08:58","date_gmt":"2023-04-09T14:08:58","guid":{"rendered":"https:\/\/jugulajm.net\/?p=57945"},"modified":"2023-05-31T09:42:24","modified_gmt":"2023-05-31T07:42:24","slug":"flet-nena-e-43-vjecarit-qe-vrau-kunaten-me-tha-qe-nuk-po-e-zinte-gjumi-dhe","status":"publish","type":"post","link":"https:\/\/jugulajm.net\/?p=57945","title":{"rendered":"Flet n\u00ebna e 43-vje\u00e7arit q\u00eb vrau kunat\u00ebn: M\u00eb tha q\u00eb nuk po e zinte gjumi dhe&#8230;"},"content":{"rendered":"<p>Mbar\u00eb Shqip\u00ebria \u00ebsht\u00eb tronditur nga ngjarja e r\u00ebnd\u00eb q\u00eb ndodhi n\u00eb or\u00ebt e para t\u00eb m\u00ebngjesit t\u00eb djesh\u00ebm, ku mbet\u00ebn t\u00eb vrar\u00eb dy persona.<\/p>\n<p>Roland Sinani , 43-vje\u00e7 vrau me arm\u00eb zjarri kunat\u00ebn e tij (nusen e v\u00ebllait)\u00a0Migena Sinani,\u00a037 vje\u00e7 dhe m\u00eb pas veten n\u00eb Shkoz\u00eb. E \u00ebma e Roland Sinani ka folur s\u00eb fundmi p\u00ebr \u00a0ngjarjen e r\u00ebnd\u00eb q\u00eb i biri i treoi me goj\u00ebn e vet se kishte vrar\u00eb gruan e v\u00ebllait.<\/p>\n<p>N\u00ebna e Sinanit tha se n\u00eb dark\u00eb nuk kishin asnj\u00eb konflikt, nd\u00ebrsa tregoi dhe planet q\u00eb kishin l\u00ebn\u00eb p\u00ebr dit\u00ebn e djeshme, para se t\u00eb ndodhte ngjarja.<\/p>\n<p>\u201cDark\u00ebn q\u00eb u ndam\u00eb kaluam shum\u00eb mir\u00eb, nuk kishim asnj\u00eb konflikt. Po fliste,me Migen\u00ebn, p\u00ebr me marr\u00eb nj\u00eb sht\u00ebpi. Ik\u00ebm pastaj me flet gjum\u00eb . U \u00e7ova n\u00eb tre t\u00eb nat\u00ebs kur hapa der\u00ebn pash\u00eb Landin gjum\u00eb. I thash\u00eb \u00e7a ke, m\u00eb tha q\u00eb nuk kishte gjum\u00eb. I thash\u00eb t\u00eb shtrihet gjum\u00eb dhe t\u00eb \u00e7ohet nes\u00ebr t\u00eb blem\u00eb ca pula se kishte Erjoni dhe Migena dit\u00eblindjen e ti festonim t t\u00eb dy dit\u00eblindjet s\u00eb bashku.<\/p>\n<p>Mir\u00eb tha Rolandi. 11 e kishte Erjoni me 13 e kishte Migena. Sapo u shtriva, nuk zgjati gjysm\u00eb ore, dhe d\u00ebgjova nj\u00eb krism\u00eb. U \u00e7ova shkova te dhoma e Migen\u00ebs, po qante goca, Landi ishte n\u00eb korridor. Nuk pash\u00eb as gjak as asgj\u00eb. Ma tha \u00e7uni me goj\u00ebn e vet se e ka vrar\u00eb Migen\u00ebn\u201d- tha ajo n\u00eb Euronews Albania.<\/p>\n<p>Ajo tha se Migena Sinanin 37-vje\u00e7 e kishte si vajz\u00ebn e vet dhe se s\u00eb bashku ia kalonin shum\u00eb mir\u00eb.<\/p>\n<p>Nd\u00ebr t\u00eb tjera dha detaje dhe p\u00ebr djalin e saj Rolandin, ku tha se ky i fundit koh\u00ebt e fundit nuk merrte mjekim p\u00ebr probleme t\u00eb sh\u00ebndetit mendor dhe se pun\u00ebn e kishte l\u00ebn\u00eb pak dit\u00eb m\u00eb par\u00eb.<\/p>\n<div class=\"d-flex justify-content-center\"><\/div>\n<p>\u201cLandi ka punuar gomist n\u00eb Sauk, nga Sauku erdhi n\u00eb \u2018Ali Dem\u2019, dhe ishte shum\u00eb i m\u00ebrzitur. Landi e kishte l\u00ebn\u00eb mjekimin. Kur vinte n\u00eb sht\u00ebpi nuk duronte as zhurmat e televizori, as tone t\u00eb larta dhe asgj\u00eb. Donte shum\u00eb qet\u00ebsi. Migena i \u00e7onte f\u00ebmij\u00ebt n\u00eb dhom\u00ebn e vet q\u00eb sht\u00ebpia t\u00eb ishte qet\u00ebsi. U ndam\u00eb shum\u00eb mir\u00eb. I donte shum\u00eb nipin e mbes\u00ebn. Ka qen\u00eb shum\u00eb i dashur por nevrikosej shum\u00eb shpejt. Kemi marr\u00ebdh\u00ebnie shum\u00eb t\u00eb mir\u00eb me Migen\u00ebn, e kisha si goc\u00ebn time. I b\u00ebnim pun\u00ebt bashk\u00eb\u2019- tha ajo.<\/p>\n","protected":false},"excerpt":{"rendered":"<p>Mbar\u00eb Shqip\u00ebria \u00ebsht\u00eb tronditur nga ngjarja e r\u00ebnd\u00eb q\u00eb ndodhi n\u00eb or\u00ebt e para t\u00eb m\u00ebngjesit t\u00eb djesh\u00ebm, ku mbet\u00ebn t\u00eb vrar\u00eb dy persona. Roland Sinani , 43-vje\u00e7 vrau me arm\u00eb zjarri kunat\u00ebn e tij (nusen e v\u00ebllait)\u00a0Migena Sinani,\u00a037 vje\u00e7 dhe m\u00eb pas veten n\u00eb Shkoz\u00eb. E \u00ebma e Roland Sinani ka folur s\u00eb fundmi [&hellip;]<\/p>\n","protected":false},"author":5,"featured_media":57946,"comment_status":"closed","ping_status":"open","sticky":false,"template":"","format":"standard","meta":{"footnotes":""},"categories":[1,6332],"tags":[22776],"class_list":{"0":"post-57945","1":"post","2":"type-post","3":"status-publish","4":"format-standard","5":"has-post-thumbnail","7":"category-aktualitet","8":"category-te-fundit","9":"tag-flet-nena-e-43-vjecarit-qe-vrau-kunaten-me-tha-qe-nuk-po-e-zinte-gjumi-dhe"},"_links":{"self":[{"href":"https:\/\/jugulajm.net\/index.php?rest_route=\/wp\/v2\/posts\/57945","targetHints":{"allow":["GET"]}}],"collection":[{"href":"https:\/\/jugulajm.net\/index.php?rest_route=\/wp\/v2\/posts"}],"about":[{"href":"https:\/\/jugulajm.net\/index.php?rest_route=\/wp\/v2\/types\/post"}],"author":[{"embeddable":true,"href":"https:\/\/jugulajm.net\/index.php?rest_route=\/wp\/v2\/users\/5"}],"replies":[{"embeddable":true,"href":"https:\/\/jugulajm.net\/index.php?rest_route=%2Fwp%2Fv2%2Fcomments&post=57945"}],"version-history":[{"count":0,"href":"https:\/\/jugulajm.net\/index.php?rest_route=\/wp\/v2\/posts\/57945\/revisions"}],"wp:featuredmedia":[{"embeddable":true,"href":"https:\/\/jugulajm.net\/index.php?rest_route=\/wp\/v2\/media\/57946"}],"wp:attachment":[{"href":"https:\/\/jugulajm.net\/index.php?rest_route=%2Fwp%2Fv2%2Fmedia&parent=57945"}],"wp:term":[{"taxonomy":"category","embeddable":true,"href":"https:\/\/jugulajm.net\/index.php?rest_route=%2Fwp%2Fv2%2Fcategories&post=57945"},{"taxonomy":"post_tag","embeddable":true,"href":"https:\/\/jugulajm.net\/index.php?rest_route=%2Fwp%2Fv2%2Ftags&post=57945"}],"curies":[{"name":"wp","href":"https:\/\/api.w.org\/{rel}","templated":true}]}}