{"id":57932,"date":"2023-04-09T09:02:43","date_gmt":"2023-04-09T07:02:43","guid":{"rendered":"https:\/\/jugulajm.net\/?p=57932"},"modified":"2023-05-31T09:42:25","modified_gmt":"2023-05-31T07:42:25","slug":"moti-sot-rriten-temperaturat-23","status":"publish","type":"post","link":"https:\/\/jugulajm.net\/?p=57932","title":{"rendered":"Moti sot\/ Rriten temperaturat"},"content":{"rendered":"<p>Pjesa e par\u00eb e dit\u00ebs pritet t\u00eb jet\u00eb me alterime kthjellimesh dhe vran\u00ebsirash t\u00eb shpeshta t\u00eb cilat m\u00eb t\u00eb dukshme do t\u00eb paraqiten n\u00eb zonat lindore t\u00eb territorit, duke krijuar dhe mund\u00ebsi p\u00ebr reshje afatshkurtre.<\/p>\n<div class=\"jeg_ad jeg_ad_article jnews_content_inline_ads\">\n<div class=\"ads-wrapper align-center\">\n<div class=\"ads_code\">Por or\u00ebt vijuese do t\u00eb shtojn\u00eb vran\u00ebsirat gradualisht n\u00eb t\u00eb gjith\u00eb vendin ton\u00eb, ku parashikohet t\u00eb gjenerojn\u00eb reshje shiu n\u00eb sasira t\u00eb pakta dhe n\u00eb zona t\u00eb izoluara n\u00eb Ult\u00ebsir\u00ebn Per\u00ebndimore. Nd\u00ebrsa n\u00eb zonat malore t\u00eb Shqip\u00ebris\u00eb do t\u00eb ket\u00eb reshje t\u00eb pakta d\u00ebbore.<\/div>\n<\/div>\n<\/div>\n<div class=\"jeg_ad jeg_ad_article jnews_content_inline_2_ads\">\n<div class=\"ads-wrapper align-center\">\n<div class=\"ads_code\"><\/div>\n<\/div>\n<\/div>\n<p>Sipas MeteoAlb, temperaturat e ajrit do t\u00eb rriten n\u00eb m\u00ebngjes dhe n\u00eb mesdit\u00eb duke u luhatur nga 1\u00b0C deri n\u00eb 16\u00b0C.<\/p>\n<p>Era do t\u00eb fryj\u00eb e leht\u00eb dhe mesatare n\u00eb det me shpejt\u00ebsi 35 km\/h nga drejtimi Veriper\u00ebndimor duke sjell\u00eb n\u00eb brigjet detare dallg\u00ebzim mbi 2 ball\u00eb.<\/p>\n","protected":false},"excerpt":{"rendered":"<p>Pjesa e par\u00eb e dit\u00ebs pritet t\u00eb jet\u00eb me alterime kthjellimesh dhe vran\u00ebsirash t\u00eb shpeshta t\u00eb cilat m\u00eb t\u00eb dukshme do t\u00eb paraqiten n\u00eb zonat lindore t\u00eb territorit, duke krijuar dhe mund\u00ebsi p\u00ebr reshje afatshkurtre. Por or\u00ebt vijuese do t\u00eb shtojn\u00eb vran\u00ebsirat gradualisht n\u00eb t\u00eb gjith\u00eb vendin ton\u00eb, ku parashikohet t\u00eb gjenerojn\u00eb reshje shiu n\u00eb [&hellip;]<\/p>\n","protected":false},"author":5,"featured_media":55848,"comment_status":"closed","ping_status":"open","sticky":false,"template":"","format":"standard","meta":{"footnotes":""},"categories":[7650,6332],"tags":[22047],"class_list":{"0":"post-57932","1":"post","2":"type-post","3":"status-publish","4":"format-standard","5":"has-post-thumbnail","7":"category-moti","8":"category-te-fundit","9":"tag-moti-sot-rriten-temperaturat"},"_links":{"self":[{"href":"https:\/\/jugulajm.net\/index.php?rest_route=\/wp\/v2\/posts\/57932","targetHints":{"allow":["GET"]}}],"collection":[{"href":"https:\/\/jugulajm.net\/index.php?rest_route=\/wp\/v2\/posts"}],"about":[{"href":"https:\/\/jugulajm.net\/index.php?rest_route=\/wp\/v2\/types\/post"}],"author":[{"embeddable":true,"href":"https:\/\/jugulajm.net\/index.php?rest_route=\/wp\/v2\/users\/5"}],"replies":[{"embeddable":true,"href":"https:\/\/jugulajm.net\/index.php?rest_route=%2Fwp%2Fv2%2Fcomments&post=57932"}],"version-history":[{"count":0,"href":"https:\/\/jugulajm.net\/index.php?rest_route=\/wp\/v2\/posts\/57932\/revisions"}],"wp:featuredmedia":[{"embeddable":true,"href":"https:\/\/jugulajm.net\/index.php?rest_route=\/wp\/v2\/media\/55848"}],"wp:attachment":[{"href":"https:\/\/jugulajm.net\/index.php?rest_route=%2Fwp%2Fv2%2Fmedia&parent=57932"}],"wp:term":[{"taxonomy":"category","embeddable":true,"href":"https:\/\/jugulajm.net\/index.php?rest_route=%2Fwp%2Fv2%2Fcategories&post=57932"},{"taxonomy":"post_tag","embeddable":true,"href":"https:\/\/jugulajm.net\/index.php?rest_route=%2Fwp%2Fv2%2Ftags&post=57932"}],"curies":[{"name":"wp","href":"https:\/\/api.w.org\/{rel}","templated":true}]}}