{"id":57925,"date":"2023-04-08T19:47:03","date_gmt":"2023-04-08T17:47:03","guid":{"rendered":"https:\/\/jugulajm.net\/?p=57925"},"modified":"2023-05-31T09:42:25","modified_gmt":"2023-05-31T07:42:25","slug":"foto-ja-kush-eshte-37-vjecarja-e-cila-u-vra-sot-nga-kunati-ne-gjume","status":"publish","type":"post","link":"https:\/\/jugulajm.net\/?p=57925","title":{"rendered":"FOTO\/ Ja kush \u00ebsht\u00eb 37-vje\u00e7arja e cila u vra sot nga kunati n\u00eb gjum\u00eb"},"content":{"rendered":"<p>N\u00eb foto \u00ebsht\u00eb Migena Sinani, 37-vje\u00e7arja e cila u vra nga kunati i saj, Roland Sinani. Ky i fundit ishte i pamartuar dhe merrte mjekim pasi vuante nga probleme t\u00eb sh\u00ebndetit mendor, teksa vrau Migen\u00ebn n\u00eb sy t\u00eb f\u00ebmij\u00ebs s\u00eb saj 2-vje\u00e7ar.<\/p>\n<p>Migena kishte dhe nj\u00eb tjet\u00ebr f\u00ebmij\u00eb 2-vje\u00e7 q\u00eb n\u00eb momentin e ngjarjes po flinte n\u00eb dhom\u00ebn e gjysh\u00ebrve.<\/p>\n<p>Burri i Migen\u00ebs ka qen\u00eb n\u00eb pun\u00eb n\u00eb momentin e tragjedis\u00eb pasi punonte si taksist. Nd\u00ebrkoh\u00eb m\u00ebsohet se v\u00ebllez\u00ebrit, pra burri i viktim\u00ebs dhe autori, kan\u00eb qen\u00eb n\u00eb konflikt prej koh\u00ebsh.<\/p>\n","protected":false},"excerpt":{"rendered":"<p>N\u00eb foto \u00ebsht\u00eb Migena Sinani, 37-vje\u00e7arja e cila u vra nga kunati i saj, Roland Sinani. Ky i fundit ishte i pamartuar dhe merrte mjekim pasi vuante nga probleme t\u00eb sh\u00ebndetit mendor, teksa vrau Migen\u00ebn n\u00eb sy t\u00eb f\u00ebmij\u00ebs s\u00eb saj 2-vje\u00e7ar. Migena kishte dhe nj\u00eb tjet\u00ebr f\u00ebmij\u00eb 2-vje\u00e7 q\u00eb n\u00eb momentin e ngjarjes po [&hellip;]<\/p>\n","protected":false},"author":5,"featured_media":57926,"comment_status":"closed","ping_status":"open","sticky":false,"template":"","format":"standard","meta":{"footnotes":""},"categories":[1,6332],"tags":[22769],"class_list":{"0":"post-57925","1":"post","2":"type-post","3":"status-publish","4":"format-standard","5":"has-post-thumbnail","7":"category-aktualitet","8":"category-te-fundit","9":"tag-foto-ja-kush-eshte-37-vjecarja-e-cila-u-vra-sot-nga-kunati-ne-gjume"},"_links":{"self":[{"href":"https:\/\/jugulajm.net\/index.php?rest_route=\/wp\/v2\/posts\/57925","targetHints":{"allow":["GET"]}}],"collection":[{"href":"https:\/\/jugulajm.net\/index.php?rest_route=\/wp\/v2\/posts"}],"about":[{"href":"https:\/\/jugulajm.net\/index.php?rest_route=\/wp\/v2\/types\/post"}],"author":[{"embeddable":true,"href":"https:\/\/jugulajm.net\/index.php?rest_route=\/wp\/v2\/users\/5"}],"replies":[{"embeddable":true,"href":"https:\/\/jugulajm.net\/index.php?rest_route=%2Fwp%2Fv2%2Fcomments&post=57925"}],"version-history":[{"count":0,"href":"https:\/\/jugulajm.net\/index.php?rest_route=\/wp\/v2\/posts\/57925\/revisions"}],"wp:featuredmedia":[{"embeddable":true,"href":"https:\/\/jugulajm.net\/index.php?rest_route=\/wp\/v2\/media\/57926"}],"wp:attachment":[{"href":"https:\/\/jugulajm.net\/index.php?rest_route=%2Fwp%2Fv2%2Fmedia&parent=57925"}],"wp:term":[{"taxonomy":"category","embeddable":true,"href":"https:\/\/jugulajm.net\/index.php?rest_route=%2Fwp%2Fv2%2Fcategories&post=57925"},{"taxonomy":"post_tag","embeddable":true,"href":"https:\/\/jugulajm.net\/index.php?rest_route=%2Fwp%2Fv2%2Ftags&post=57925"}],"curies":[{"name":"wp","href":"https:\/\/api.w.org\/{rel}","templated":true}]}}