{"id":57898,"date":"2023-04-08T08:13:34","date_gmt":"2023-04-08T06:13:34","guid":{"rendered":"https:\/\/jugulajm.net\/?p=57898"},"modified":"2023-05-31T09:42:25","modified_gmt":"2023-05-31T07:42:25","slug":"lajm-i-fundit-emri-43-vjecari-vret-kunaten-dhe-veten","status":"publish","type":"post","link":"https:\/\/jugulajm.net\/?p=57898","title":{"rendered":"LAJM I FUNDIT\/ EMRI\/ 43-vje\u00e7ari vret kunat\u00ebn dhe veten"},"content":{"rendered":"<p>Nj\u00eb ngjarje e r\u00ebnd\u00eb \u00ebsht\u00eb sh\u00ebnuar n\u00eb Shkoz\u00eb m\u00ebngjesin e sot\u00ebm ku dy persona kan\u00eb mbetur pa jet\u00eb.<\/p>\n<p>B\u00ebhet me dije se nj\u00eb person i identifikuar si Roland Sinani 43 vje\u00e7 ka vrar\u00eb kunat\u00ebn dhe m\u00eb pas veten.<\/p>\n<p>N\u00eb momentin e ngjarjes v\u00ebllai nuk ka qen\u00eb n\u00eb banes\u00ebn ku ka ndodhur krimi, pasi punonte taksist.<\/p>\n<p>Policia gjat\u00eb k\u00ebrkimeve ka gjetur nj\u00eb arm\u00eb n\u00eb banes\u00ebn ku ka ndodhur ngjarja, q\u00eb dyshohet se \u00ebsht\u00eb arma e p\u00ebrdorur gjat\u00eb krimit.<\/p>\n<p>Nuk dihen ende motivet e k\u00ebtij krimi t\u00eb r\u00ebnd\u00eb, nd\u00ebrsa policia po punon zbardhjen e ngjarjes.<\/p>\n","protected":false},"excerpt":{"rendered":"<p>Nj\u00eb ngjarje e r\u00ebnd\u00eb \u00ebsht\u00eb sh\u00ebnuar n\u00eb Shkoz\u00eb m\u00ebngjesin e sot\u00ebm ku dy persona kan\u00eb mbetur pa jet\u00eb. B\u00ebhet me dije se nj\u00eb person i identifikuar si Roland Sinani 43 vje\u00e7 ka vrar\u00eb kunat\u00ebn dhe m\u00eb pas veten. N\u00eb momentin e ngjarjes v\u00ebllai nuk ka qen\u00eb n\u00eb banes\u00ebn ku ka ndodhur krimi, pasi punonte taksist. [&hellip;]<\/p>\n","protected":false},"author":5,"featured_media":51900,"comment_status":"closed","ping_status":"open","sticky":false,"template":"","format":"standard","meta":{"footnotes":""},"categories":[1,6332],"tags":[22757],"class_list":{"0":"post-57898","1":"post","2":"type-post","3":"status-publish","4":"format-standard","5":"has-post-thumbnail","7":"category-aktualitet","8":"category-te-fundit","9":"tag-lajm-i-fundit-emri-43-vjecari-vret-kunaten-dhe-veten"},"_links":{"self":[{"href":"https:\/\/jugulajm.net\/index.php?rest_route=\/wp\/v2\/posts\/57898","targetHints":{"allow":["GET"]}}],"collection":[{"href":"https:\/\/jugulajm.net\/index.php?rest_route=\/wp\/v2\/posts"}],"about":[{"href":"https:\/\/jugulajm.net\/index.php?rest_route=\/wp\/v2\/types\/post"}],"author":[{"embeddable":true,"href":"https:\/\/jugulajm.net\/index.php?rest_route=\/wp\/v2\/users\/5"}],"replies":[{"embeddable":true,"href":"https:\/\/jugulajm.net\/index.php?rest_route=%2Fwp%2Fv2%2Fcomments&post=57898"}],"version-history":[{"count":0,"href":"https:\/\/jugulajm.net\/index.php?rest_route=\/wp\/v2\/posts\/57898\/revisions"}],"wp:featuredmedia":[{"embeddable":true,"href":"https:\/\/jugulajm.net\/index.php?rest_route=\/wp\/v2\/media\/51900"}],"wp:attachment":[{"href":"https:\/\/jugulajm.net\/index.php?rest_route=%2Fwp%2Fv2%2Fmedia&parent=57898"}],"wp:term":[{"taxonomy":"category","embeddable":true,"href":"https:\/\/jugulajm.net\/index.php?rest_route=%2Fwp%2Fv2%2Fcategories&post=57898"},{"taxonomy":"post_tag","embeddable":true,"href":"https:\/\/jugulajm.net\/index.php?rest_route=%2Fwp%2Fv2%2Ftags&post=57898"}],"curies":[{"name":"wp","href":"https:\/\/api.w.org\/{rel}","templated":true}]}}