{"id":57857,"date":"2023-04-07T09:22:32","date_gmt":"2023-04-07T07:22:32","guid":{"rendered":"https:\/\/jugulajm.net\/?p=57857"},"modified":"2023-05-31T09:42:26","modified_gmt":"2023-05-31T07:42:26","slug":"moti-sot-kthjellimesh-dhe-kalime-vranesirash","status":"publish","type":"post","link":"https:\/\/jugulajm.net\/?p=57857","title":{"rendered":"Moti sot\/ Kthjellime dhe kalime vran\u00ebsirash"},"content":{"rendered":"<p>Deri n\u00eb or\u00ebt e mesdit\u00ebs vendi yn\u00eb do t\u00eb jet\u00eb me alternime kthjellimesh dhe kalime vran\u00ebsirash, ku m\u00eb t\u00eb dukshme kthjellimet do t\u00eb jen\u00eb n\u00eb zonat bregdetare dhe n\u00eb qytetet e zon\u00ebs s\u00eb ul\u00ebt.<\/p>\n<div class=\"jeg_ad jeg_ad_article jnews_content_inline_ads\">\n<div class=\"ads-wrapper align-center\">\n<div class=\"ads_code\">Nd\u00ebrsa vran\u00ebsirat do t\u00eb jen\u00eb m\u00eb t\u00eb shpeshta n\u00eb zonat malore. Pritet q\u00eb gjat\u00eb pasdites dhe mbr\u00ebmjes i gjith\u00eb territori shqiptar t\u00eb jet\u00eb n\u00eb mbizot\u00ebrimin e vran\u00ebsirave t\u00eb shpeshta, t\u00eb cilat m\u00eb t\u00eb fokusuara do t\u00eb jen\u00eb n\u00eb zonat veriore dhe lindore.<\/div>\n<div><\/div>\n<\/div>\n<\/div>\n<p>Sipas MeteoAlb, temperaturat e ajrit do t\u00eb mbeten konstante n\u00eb m\u00ebngjes, por rriten leht\u00ebsisht n\u00eb mesdit\u00eb duke u luhatur nga -1\u00b0C deri n\u00eb 14\u00b0C.<\/p>\n<p>Era do t\u00eb fryj\u00eb e leht\u00eb dhe mesatare n\u00eb det me shpejt\u00ebsi 28 km\/h nga drejtimi per\u00ebndimore duke sjell\u00eb n\u00eb brigjet detare dallg\u00ebzim t\u00eb ul\u00ebt.<\/p>\n","protected":false},"excerpt":{"rendered":"<p>Deri n\u00eb or\u00ebt e mesdit\u00ebs vendi yn\u00eb do t\u00eb jet\u00eb me alternime kthjellimesh dhe kalime vran\u00ebsirash, ku m\u00eb t\u00eb dukshme kthjellimet do t\u00eb jen\u00eb n\u00eb zonat bregdetare dhe n\u00eb qytetet e zon\u00ebs s\u00eb ul\u00ebt. Nd\u00ebrsa vran\u00ebsirat do t\u00eb jen\u00eb m\u00eb t\u00eb shpeshta n\u00eb zonat malore. Pritet q\u00eb gjat\u00eb pasdites dhe mbr\u00ebmjes i gjith\u00eb territori shqiptar [&hellip;]<\/p>\n","protected":false},"author":5,"featured_media":55848,"comment_status":"closed","ping_status":"open","sticky":false,"template":"","format":"standard","meta":{"footnotes":""},"categories":[7650,6332],"tags":[22730],"class_list":{"0":"post-57857","1":"post","2":"type-post","3":"status-publish","4":"format-standard","5":"has-post-thumbnail","7":"category-moti","8":"category-te-fundit","9":"tag-moti-sot-kthjellime-dhe-kalime-vranesirash"},"_links":{"self":[{"href":"https:\/\/jugulajm.net\/index.php?rest_route=\/wp\/v2\/posts\/57857","targetHints":{"allow":["GET"]}}],"collection":[{"href":"https:\/\/jugulajm.net\/index.php?rest_route=\/wp\/v2\/posts"}],"about":[{"href":"https:\/\/jugulajm.net\/index.php?rest_route=\/wp\/v2\/types\/post"}],"author":[{"embeddable":true,"href":"https:\/\/jugulajm.net\/index.php?rest_route=\/wp\/v2\/users\/5"}],"replies":[{"embeddable":true,"href":"https:\/\/jugulajm.net\/index.php?rest_route=%2Fwp%2Fv2%2Fcomments&post=57857"}],"version-history":[{"count":0,"href":"https:\/\/jugulajm.net\/index.php?rest_route=\/wp\/v2\/posts\/57857\/revisions"}],"wp:featuredmedia":[{"embeddable":true,"href":"https:\/\/jugulajm.net\/index.php?rest_route=\/wp\/v2\/media\/55848"}],"wp:attachment":[{"href":"https:\/\/jugulajm.net\/index.php?rest_route=%2Fwp%2Fv2%2Fmedia&parent=57857"}],"wp:term":[{"taxonomy":"category","embeddable":true,"href":"https:\/\/jugulajm.net\/index.php?rest_route=%2Fwp%2Fv2%2Fcategories&post=57857"},{"taxonomy":"post_tag","embeddable":true,"href":"https:\/\/jugulajm.net\/index.php?rest_route=%2Fwp%2Fv2%2Ftags&post=57857"}],"curies":[{"name":"wp","href":"https:\/\/api.w.org\/{rel}","templated":true}]}}