{"id":57847,"date":"2023-04-06T21:02:59","date_gmt":"2023-04-06T19:02:59","guid":{"rendered":"https:\/\/jugulajm.net\/?p=57847"},"modified":"2023-05-31T09:42:26","modified_gmt":"2023-05-31T07:42:26","slug":"bbv2-pas-komenteve-ndaj-se-bijes-reagon-babai-i-kiara-titos-quajeni-lufte-civile","status":"publish","type":"post","link":"https:\/\/jugulajm.net\/?p=57847","title":{"rendered":"BBV2\/ Pas komenteve ndaj s\u00eb bij\u00ebs, reagon babai i Kiara Titos: Quajeni luft\u00eb civile"},"content":{"rendered":"<p>Kiara \u00ebsht\u00eb shfaqur shum\u00eb ndryshe n\u00eb publik, pas rikthimit t\u00eb saj n\u00eb sht\u00ebpin\u00eb e \u201cBig Brother VIP\u201d, dhe kjo duket se nuk i ka p\u00eblqyer publikut t\u00eb cil\u00ebt e kan\u00eb komntuar negativisht.<\/p>\n<p>I ftuar n\u00eb emisionin \u201cFtes\u00eb n\u00eb 5\u201d, ka qen\u00eb dit\u00ebn e sotme babai i moderatores, Arben Tito, i cili deklaroi se \u00ebsht\u00eb shum\u00eb i prekur nga komentet q\u00eb i vin\u00eb p\u00ebr vajz\u00ebn e tij. Ai ka deklaruar po ashtu se nuk \u00ebsht\u00eb dakord me komentet e opinionist\u00ebve, t\u00eb ci\u00eblt sipas tij e paragjykojn\u00eb Kiar\u00ebn.<\/p>\n<p>\u201cUn\u00eb jam prind, jam shum\u00eb i prekur p\u00ebr shum\u00eb gj\u00ebra. Kiara \u00ebsht\u00eb \u2018hip se t\u00eb vrava, zbrit se t\u00eb vrava\u2019. Aty u dha nj\u00eb pjes\u00eb e videos dhe askush nuk mudn ta kuptonte se \u00e7far\u00eb ishte th\u00ebn\u00eb. Jam i lumtur q\u00eb ato u pajtuan. Dhe kur fola me Kiar\u00ebn i thash\u00eb merre Efin ne telefon, po tha e mora fol\u00ebm. Prandaj un\u00eb nuk e kuptoj pse u b\u00eb kjo situat\u00eb kshtu, pse degjeneroi.<\/p>\n<p>Jam prekur sepse jan\u00eb dhe komentet. K\u00ebtij formati duhet t\u2019i ndryshojn\u00eb emrin, ta quajn\u00eb \u2018Lufta Civile\u2019, jo \u2018Big Brother\u2019. Populli ka t\u00eb drejt\u00ebn e vet se kan\u00eb telefonat, e paguajn\u00eb vet\u00eb dhe mund t\u00eb flasin, t\u00eb shajn\u00eb. Por sipas meje prirjet e popullit i vendos dikush tjet\u00ebr. Jan\u00eb njer\u00ebz q\u00eb po b\u00ebjn\u00eb gjykat\u00ebsin, ose m\u00eb sakt\u00eb paragjykojn\u00ebe veprimet e t\u00eb tjer\u00ebve. Un\u00eb e kam me opinionist\u00ebt.<\/p>\n<p>N\u00ebse Kiara do thoshte si\u00e7 ka th\u00ebn\u00eb dikush tjet\u00ebr aty m\u00eb p\u00ebrpara, q\u00eb mund t\u00eb b\u00ebj f\u00ebmij\u00eb dhe do i shes organet, k\u00ebtu n\u00eb Itali nga nj\u00eb formati nj\u00ebjt\u00eb do ishte p\u00ebrjashtuar. Por aty jo vet\u00ebm q\u00eb nuk u p\u00ebrjashtua, por as u p\u00ebrmend. Kiara nga ana tjet\u00ebr gjykohet pse nuk e mban kryqin, pse u vesh me t\u00eb zeza. Nuk ka nj\u00eb argumetn tamam q\u00eb t\u00eb thot\u00eb Kiara ka b\u00ebr\u00eb k\u00ebt\u00eb.<\/p>\n<p>Pash\u00eb nj\u00eb analist q\u00eb thoshte se Kiara u fut q\u00eb t\u00eb mos fitoj\u00eb Luizi, ky ishte kulmi. Shiko Kiara nuk \u00ebsht\u00eb futur aty p\u00ebr ta fituar. T\u00eb t\u00eb pyes ty Bieta, do t\u00eb t\u00eb vinte inat q\u00eb i dashuri yt t\u00eb fitonte.\u201d \u2013 u shpreh Arben Tito.<\/p>\n","protected":false},"excerpt":{"rendered":"<p>Kiara \u00ebsht\u00eb shfaqur shum\u00eb ndryshe n\u00eb publik, pas rikthimit t\u00eb saj n\u00eb sht\u00ebpin\u00eb e \u201cBig Brother VIP\u201d, dhe kjo duket se nuk i ka p\u00eblqyer publikut t\u00eb cil\u00ebt e kan\u00eb komntuar negativisht. I ftuar n\u00eb emisionin \u201cFtes\u00eb n\u00eb 5\u201d, ka qen\u00eb dit\u00ebn e sotme babai i moderatores, Arben Tito, i cili deklaroi se \u00ebsht\u00eb shum\u00eb [&hellip;]<\/p>\n","protected":false},"author":5,"featured_media":57848,"comment_status":"closed","ping_status":"open","sticky":false,"template":"","format":"standard","meta":{"footnotes":""},"categories":[1,6332],"tags":[22724,22725],"class_list":{"0":"post-57847","1":"post","2":"type-post","3":"status-publish","4":"format-standard","5":"has-post-thumbnail","7":"category-aktualitet","8":"category-te-fundit","9":"tag-bbv2-pas-komenteve-ndaj-se-bijes","10":"tag-reagon-babai-i-kiara-titos-quajeni-lufte-civile"},"_links":{"self":[{"href":"https:\/\/jugulajm.net\/index.php?rest_route=\/wp\/v2\/posts\/57847","targetHints":{"allow":["GET"]}}],"collection":[{"href":"https:\/\/jugulajm.net\/index.php?rest_route=\/wp\/v2\/posts"}],"about":[{"href":"https:\/\/jugulajm.net\/index.php?rest_route=\/wp\/v2\/types\/post"}],"author":[{"embeddable":true,"href":"https:\/\/jugulajm.net\/index.php?rest_route=\/wp\/v2\/users\/5"}],"replies":[{"embeddable":true,"href":"https:\/\/jugulajm.net\/index.php?rest_route=%2Fwp%2Fv2%2Fcomments&post=57847"}],"version-history":[{"count":0,"href":"https:\/\/jugulajm.net\/index.php?rest_route=\/wp\/v2\/posts\/57847\/revisions"}],"wp:featuredmedia":[{"embeddable":true,"href":"https:\/\/jugulajm.net\/index.php?rest_route=\/wp\/v2\/media\/57848"}],"wp:attachment":[{"href":"https:\/\/jugulajm.net\/index.php?rest_route=%2Fwp%2Fv2%2Fmedia&parent=57847"}],"wp:term":[{"taxonomy":"category","embeddable":true,"href":"https:\/\/jugulajm.net\/index.php?rest_route=%2Fwp%2Fv2%2Fcategories&post=57847"},{"taxonomy":"post_tag","embeddable":true,"href":"https:\/\/jugulajm.net\/index.php?rest_route=%2Fwp%2Fv2%2Ftags&post=57847"}],"curies":[{"name":"wp","href":"https:\/\/api.w.org\/{rel}","templated":true}]}}