{"id":57836,"date":"2023-04-06T18:32:30","date_gmt":"2023-04-06T16:32:30","guid":{"rendered":"https:\/\/jugulajm.net\/?p=57836"},"modified":"2023-05-31T09:42:27","modified_gmt":"2023-05-31T07:42:27","slug":"emri-ekstradohet-nga-greqia-permetari-30-vjecar-akuzohet-per-vjedhja-me-dhune","status":"publish","type":"post","link":"https:\/\/jugulajm.net\/?p=57836","title":{"rendered":"EMRI\/ Ekstradohet nga Greqia p\u00ebrmetari 30 vje\u00e7ar, akuzohet p\u00ebr \u201cVjedhje me dhun\u00eb\u201d"},"content":{"rendered":"<p>Nje shtetas shqiptar 30 vje\u00e7, banues n\u00eb P\u00ebrmet i identifikuar me emrin Paulin Peci, eshte ekstraduar nga Greqia per ne vendin tone me arsyen se akuzohet per vjedhje me dhune.<\/p>\n<p><strong>Njoftimi i policise:<\/strong><\/p>\n<p>Si rezultat i bashk\u00ebpunimit me Interpol Athin\u00ebn, u ekstradua nga Greqia drejt vendit ton\u00eb shtetasi Paulin Peci, 30 vje\u00e7 banues n\u00eb P\u00ebrmet.<\/p>\n<p>Ky shtetas ishte shpallur n\u00eb k\u00ebrkim pasi Gjykata e Rrethit Gjyq\u00ebsor P\u00ebrmet i ka caktuar mas\u00ebn e siguris\u00eb \u201cArrest n\u00eb burg\u201d, p\u00ebr vepr\u00ebn penale \u201cVjedhja me dhun\u00eb\u201d, kryer n\u00eb bashk\u00ebpunim.<\/p>\n","protected":false},"excerpt":{"rendered":"<p>Nje shtetas shqiptar 30 vje\u00e7, banues n\u00eb P\u00ebrmet i identifikuar me emrin Paulin Peci, eshte ekstraduar nga Greqia per ne vendin tone me arsyen se akuzohet per vjedhje me dhune. Njoftimi i policise: Si rezultat i bashk\u00ebpunimit me Interpol Athin\u00ebn, u ekstradua nga Greqia drejt vendit ton\u00eb shtetasi Paulin Peci, 30 vje\u00e7 banues n\u00eb P\u00ebrmet. [&hellip;]<\/p>\n","protected":false},"author":5,"featured_media":52254,"comment_status":"closed","ping_status":"open","sticky":false,"template":"","format":"standard","meta":{"footnotes":""},"categories":[1,6332],"tags":[22722,22720],"class_list":{"0":"post-57836","1":"post","2":"type-post","3":"status-publish","4":"format-standard","5":"has-post-thumbnail","7":"category-aktualitet","8":"category-te-fundit","9":"tag-akuzohet-per-vjedhje-me-dhune","10":"tag-emri-ekstradohet-nga-greqia-permetari-30-vjecar"},"_links":{"self":[{"href":"https:\/\/jugulajm.net\/index.php?rest_route=\/wp\/v2\/posts\/57836","targetHints":{"allow":["GET"]}}],"collection":[{"href":"https:\/\/jugulajm.net\/index.php?rest_route=\/wp\/v2\/posts"}],"about":[{"href":"https:\/\/jugulajm.net\/index.php?rest_route=\/wp\/v2\/types\/post"}],"author":[{"embeddable":true,"href":"https:\/\/jugulajm.net\/index.php?rest_route=\/wp\/v2\/users\/5"}],"replies":[{"embeddable":true,"href":"https:\/\/jugulajm.net\/index.php?rest_route=%2Fwp%2Fv2%2Fcomments&post=57836"}],"version-history":[{"count":0,"href":"https:\/\/jugulajm.net\/index.php?rest_route=\/wp\/v2\/posts\/57836\/revisions"}],"wp:featuredmedia":[{"embeddable":true,"href":"https:\/\/jugulajm.net\/index.php?rest_route=\/wp\/v2\/media\/52254"}],"wp:attachment":[{"href":"https:\/\/jugulajm.net\/index.php?rest_route=%2Fwp%2Fv2%2Fmedia&parent=57836"}],"wp:term":[{"taxonomy":"category","embeddable":true,"href":"https:\/\/jugulajm.net\/index.php?rest_route=%2Fwp%2Fv2%2Fcategories&post=57836"},{"taxonomy":"post_tag","embeddable":true,"href":"https:\/\/jugulajm.net\/index.php?rest_route=%2Fwp%2Fv2%2Ftags&post=57836"}],"curies":[{"name":"wp","href":"https:\/\/api.w.org\/{rel}","templated":true}]}}