{"id":57834,"date":"2023-04-06T17:22:47","date_gmt":"2023-04-06T15:22:47","guid":{"rendered":"https:\/\/jugulajm.net\/?p=57834"},"modified":"2023-05-31T09:42:27","modified_gmt":"2023-05-31T07:42:27","slug":"zgjedhjet-vendore-shehu-rama-kerkon-qe-te-fshihet-brenda-pd-se-me-qellim-qe-ta-godase-ate","status":"publish","type":"post","link":"https:\/\/jugulajm.net\/?p=57834","title":{"rendered":"Zgjedhjet vendore\/ Shehu: Rama k\u00ebrkon q\u00eb t\u00eb fshihet brenda PD-s\u00eb, me q\u00ebllim q\u00eb ta godas\u00eb at\u00eb"},"content":{"rendered":"<p>Deputeti i Partis\u00eb Demokratike per Qarkun Gjirokaster, <em>Tritan Shehu,<\/em>\u00a0ka akuzuar kryeministrin Edi Rama se ka uzurpuar emrin, vul\u00ebn dhe logon e PD-s\u00eb.<\/p>\n<p>P\u00ebrmes nje reagimi ne fb, Shehu thekson se n\u00eb 16 bashki, Rama ka klonuar nga nj\u00eb kandidat \u201cpateric\u00eb\u201d.<\/p>\n<p>Shehu thot\u00eb se Rama k\u00ebrkon q\u00eb t\u00eb fshihet brenda PD-s\u00eb, me q\u00ebllim q\u00eb ta godas\u00eb at\u00eb.<\/p>\n<p><strong>Ja reagimi i plote i Shehut:<\/strong><\/p>\n<p><em>\u201cPolitikan\u00eb t\u00eb kapur, t\u00eb kompleksuar, apo t\u00eb frustruar?!<\/em><\/p>\n<p><em>D\u00ebgjoj ndonj\u00eb politikan, e aq m\u00eb keq deputet \u201cdemokrat\u201d, q\u00eb deklaron t\u00eb pa imagjinueshmen brenda kufijeve t\u00eb integritetit:<\/em><\/p>\n<p><em>\u2013Edhe n\u00eb bashkit\u00eb ku \u201cZv.Kryetari i em\u00ebruar kryetar nga kryetari i dor\u00ebhequr\u201c (Pra, \u201cpaterica\u201c e Ram\u00ebs), nuk ka kandidat\u00eb p\u00ebr kryetar bashkie, sepse askush nuk i ka pranuar nj\u00eb keqp\u00ebrdorim t\u00eb till\u00eb, nuk do t\u00eb mb\u00ebshtesin Kandidatin e vet\u00ebm t\u00eb opozit\u00ebs aty, q\u00eb \u00ebsht\u00eb ai i primareve!<\/em><\/p>\n<p><em>\u201cLakuriq\u00ebsi\u201d kjo e loj\u00ebs s\u00eb \u201cpateric\u00ebs\u201d, i cili edhe uzurpon \u201cvul\u00ebn\u201d dhe emrin e PD-s\u00eb t\u00eb \u201cvarur n\u00eb qaf\u00eb\u201d nga Rama edhe nuk mb\u00ebshtet demokrat\u00ebt!<\/em><\/p>\n<p><em>Nd\u00ebrsa n\u00eb 16 bashkit\u00eb ku ai ka \u201cklonuar\u201d nga nj\u00eb kandidat \u201cpateric\u00eb bij\u00eb\u201d, \u00ebsht\u00eb m\u00eb e thjesht\u00eb, e p\u00ebrdorin at\u00eb si \u201cgjethe fiku\u201d p\u00ebr t\u00eb mbuluar\u2026<\/em><\/p>\n<p><em>Pik\u00ebrisht, p\u00ebr t\u2019u fshehur mbas tyre p\u00ebr \u00e7far\u00eb po realizojn\u00eb n\u00eb kurriz t\u00eb demokrat\u00ebve.<\/em><\/p>\n<p><em>Sidoqoft\u00eb, ajo deklarat\u00eb \u201cedhe p\u00ebr bashkit\u00eb e tjera\u201d, t\u00eb \u00e7on n\u00eb pyetjen e paevitueshme:<\/em><\/p>\n<p><em>\u2013At\u00ebher\u00eb n\u00eb ato 47 bashki, q\u00eb jan\u00eb shumica d\u00ebrrmuese, p\u00ebr cilin do t\u00eb votojn\u00eb k\u00ebta politikan\u00eb, q\u00eb deklarojn\u00eb se jan\u00eb n\u00eb PD?<\/em><\/p>\n<p><em>Kur nuk do t\u2019u japin vot\u00ebn kandidat\u00ebve t\u00eb opozit\u00ebs!<\/em><\/p>\n<p><em>Kjo ka vet\u00ebm nj\u00eb p\u00ebrgjigje: P\u00ebr kandidat\u00ebt e Ram\u00ebs!<\/em><\/p>\n<p><em>Mjafton kaq p\u00ebr t\u00eb kuptuar e lexuar n\u00eb \u201cdrit\u00ebn e diellit\u201d realitetin e k\u00ebtyre meskiniteteve politike.<\/em><\/p>\n<p><em>Ata k\u00ebrkojn\u00eb t\u00eb fshihen brenda PD-s\u00eb e goditur at\u00eb! Nuk kan\u00eb as guximin p\u00ebr t\u2019u ballafaquar hapur e direkt n\u00eb elektorat, me emrin e platform\u00ebn e tyre, si\u00e7 e k\u00ebrkon politika e v\u00ebrtet\u00eb!<\/em><\/p>\n<p><em>Motoja e tyre qenka: Jam n\u00eb PD, edhe votoj kund\u00ebr PD-s\u00eb dhe demokrat\u00ebve!<\/em><\/p>\n<p><em>Realitet ky, q\u00eb krahas p\u00ebrbuzjes t\u00eb sjell edhe keqardhje kur mendon\u2026 deri n\u00eb cil\u00ebn pik\u00eb mund t\u00eb keqp\u00ebrdoren disa!<\/em><\/p>\n","protected":false},"excerpt":{"rendered":"<p>Deputeti i Partis\u00eb Demokratike per Qarkun Gjirokaster, Tritan Shehu,\u00a0ka akuzuar kryeministrin Edi Rama se ka uzurpuar emrin, vul\u00ebn dhe logon e PD-s\u00eb. P\u00ebrmes nje reagimi ne fb, Shehu thekson se n\u00eb 16 bashki, Rama ka klonuar nga nj\u00eb kandidat \u201cpateric\u00eb\u201d. Shehu thot\u00eb se Rama k\u00ebrkon q\u00eb t\u00eb fshihet brenda PD-s\u00eb, me q\u00ebllim q\u00eb ta godas\u00eb [&hellip;]<\/p>\n","protected":false},"author":5,"featured_media":49778,"comment_status":"closed","ping_status":"open","sticky":false,"template":"","format":"standard","meta":{"footnotes":""},"categories":[1,6326,6332],"tags":[22719,20369,22718],"class_list":{"0":"post-57834","1":"post","2":"type-post","3":"status-publish","4":"format-standard","5":"has-post-thumbnail","7":"category-aktualitet","8":"category-politike","9":"category-te-fundit","10":"tag-me-qellim-qe-ta-godase-ate","11":"tag-tritan-shehu","12":"tag-zgjedhjet-vendore-shehu-rama-kerkon-qe-te-fshihet-brenda-pd-se"},"_links":{"self":[{"href":"https:\/\/jugulajm.net\/index.php?rest_route=\/wp\/v2\/posts\/57834","targetHints":{"allow":["GET"]}}],"collection":[{"href":"https:\/\/jugulajm.net\/index.php?rest_route=\/wp\/v2\/posts"}],"about":[{"href":"https:\/\/jugulajm.net\/index.php?rest_route=\/wp\/v2\/types\/post"}],"author":[{"embeddable":true,"href":"https:\/\/jugulajm.net\/index.php?rest_route=\/wp\/v2\/users\/5"}],"replies":[{"embeddable":true,"href":"https:\/\/jugulajm.net\/index.php?rest_route=%2Fwp%2Fv2%2Fcomments&post=57834"}],"version-history":[{"count":0,"href":"https:\/\/jugulajm.net\/index.php?rest_route=\/wp\/v2\/posts\/57834\/revisions"}],"wp:featuredmedia":[{"embeddable":true,"href":"https:\/\/jugulajm.net\/index.php?rest_route=\/wp\/v2\/media\/49778"}],"wp:attachment":[{"href":"https:\/\/jugulajm.net\/index.php?rest_route=%2Fwp%2Fv2%2Fmedia&parent=57834"}],"wp:term":[{"taxonomy":"category","embeddable":true,"href":"https:\/\/jugulajm.net\/index.php?rest_route=%2Fwp%2Fv2%2Fcategories&post=57834"},{"taxonomy":"post_tag","embeddable":true,"href":"https:\/\/jugulajm.net\/index.php?rest_route=%2Fwp%2Fv2%2Ftags&post=57834"}],"curies":[{"name":"wp","href":"https:\/\/api.w.org\/{rel}","templated":true}]}}