{"id":57832,"date":"2023-04-06T16:24:47","date_gmt":"2023-04-06T14:24:47","guid":{"rendered":"https:\/\/jugulajm.net\/?p=57832"},"modified":"2023-05-31T09:42:27","modified_gmt":"2023-05-31T07:42:27","slug":"lajm-i-fundit-gerdeci-kalon-per-gjykim-fatmir-mediu-zyrtarisht-i-pandehur","status":"publish","type":"post","link":"https:\/\/jugulajm.net\/?p=57832","title":{"rendered":"LAJM I FUNDIT\/ \u201dG\u00ebrdeci\u201d kalon p\u00ebr gjykim, Fatmir Mediu zyrtarisht i pandehur"},"content":{"rendered":"<p>Gjykata e Posa\u00e7me ka vendosur q\u00eb t\u00eb kaloj\u00eb p\u00ebr gjykim ish-ministrin e Mbrojtjes, Fatmir Mediun p\u00ebr dosjen G\u00ebrdeci. Seanca paraprake u zhvillua p\u00ebr t\u00eb vendosur n\u00ebse \u00e7\u00ebshtja e G\u00ebrdecit do t\u00eb kaloj\u00eb ose jo p\u00ebr gjykim.<\/p>\n<p>Ish-ministri i Mbrojtjes Fatmir Mediu akuzohet p\u00ebr shp\u00ebrdorimi detyre n\u00eb baz\u00eb t\u00eb Kodit Penal dhe shp\u00ebrdorim detyre n\u00eb baz\u00eb t\u00eb Kodit Ushtarak.<\/p>\n<p>Procesi hetimor i zhvilluar n\u00eb ngarkim t\u00eb Mediut \u00ebsht\u00eb shoq\u00ebruar me kund\u00ebrshtim nga avokat\u00ebt e tij t\u00eb cil\u00ebt e kan\u00eb konsideruar k\u00ebt\u00eb nj\u00eb proces i cili nuk mund t\u00eb zhvillohet p\u00ebr shkak t\u00eb parashkrimit t\u00eb veprave penale dhe koh\u00ebs s\u00eb gjat\u00eb t\u00eb kaluar dhe duke pretenduar k\u00ebshtu se i gjith\u00eb procesi ka nisur politikisht.<\/p>\n<p>Ishte data 15 mars 2008 rreth or\u00ebs 12:05, ku si pasoj\u00eb e nj\u00eb shp\u00ebrthimi t\u00eb fuqish\u00ebm n\u00eb nj\u00eb \u201cfabrik\u00eb\u201d p\u00ebr demontimin e arm\u00ebve humb\u00ebn jet\u00ebn t\u00eb pakt\u00ebn 26 persona, pun\u00ebtor\u00eb t\u00eb k\u00ebsaj fabrike e f\u00ebmij\u00eb t\u00eb zon\u00ebs.<\/p>\n","protected":false},"excerpt":{"rendered":"<p>Gjykata e Posa\u00e7me ka vendosur q\u00eb t\u00eb kaloj\u00eb p\u00ebr gjykim ish-ministrin e Mbrojtjes, Fatmir Mediun p\u00ebr dosjen G\u00ebrdeci. Seanca paraprake u zhvillua p\u00ebr t\u00eb vendosur n\u00ebse \u00e7\u00ebshtja e G\u00ebrdecit do t\u00eb kaloj\u00eb ose jo p\u00ebr gjykim. Ish-ministri i Mbrojtjes Fatmir Mediu akuzohet p\u00ebr shp\u00ebrdorimi detyre n\u00eb baz\u00eb t\u00eb Kodit Penal dhe shp\u00ebrdorim detyre n\u00eb baz\u00eb [&hellip;]<\/p>\n","protected":false},"author":5,"featured_media":54931,"comment_status":"closed","ping_status":"open","sticky":false,"template":"","format":"standard","meta":{"footnotes":""},"categories":[1,6332],"tags":[22716,22717],"class_list":{"0":"post-57832","1":"post","2":"type-post","3":"status-publish","4":"format-standard","5":"has-post-thumbnail","7":"category-aktualitet","8":"category-te-fundit","9":"tag-gerdeci-kalon-per-gjykim","10":"tag-fatmir-mediu-zyrtarisht-i-pandehur"},"_links":{"self":[{"href":"https:\/\/jugulajm.net\/index.php?rest_route=\/wp\/v2\/posts\/57832","targetHints":{"allow":["GET"]}}],"collection":[{"href":"https:\/\/jugulajm.net\/index.php?rest_route=\/wp\/v2\/posts"}],"about":[{"href":"https:\/\/jugulajm.net\/index.php?rest_route=\/wp\/v2\/types\/post"}],"author":[{"embeddable":true,"href":"https:\/\/jugulajm.net\/index.php?rest_route=\/wp\/v2\/users\/5"}],"replies":[{"embeddable":true,"href":"https:\/\/jugulajm.net\/index.php?rest_route=%2Fwp%2Fv2%2Fcomments&post=57832"}],"version-history":[{"count":0,"href":"https:\/\/jugulajm.net\/index.php?rest_route=\/wp\/v2\/posts\/57832\/revisions"}],"wp:featuredmedia":[{"embeddable":true,"href":"https:\/\/jugulajm.net\/index.php?rest_route=\/wp\/v2\/media\/54931"}],"wp:attachment":[{"href":"https:\/\/jugulajm.net\/index.php?rest_route=%2Fwp%2Fv2%2Fmedia&parent=57832"}],"wp:term":[{"taxonomy":"category","embeddable":true,"href":"https:\/\/jugulajm.net\/index.php?rest_route=%2Fwp%2Fv2%2Fcategories&post=57832"},{"taxonomy":"post_tag","embeddable":true,"href":"https:\/\/jugulajm.net\/index.php?rest_route=%2Fwp%2Fv2%2Ftags&post=57832"}],"curies":[{"name":"wp","href":"https:\/\/api.w.org\/{rel}","templated":true}]}}