{"id":57625,"date":"2023-04-01T12:59:21","date_gmt":"2023-04-01T10:59:21","guid":{"rendered":"https:\/\/jugulajm.net\/?p=57625"},"modified":"2023-05-31T09:42:31","modified_gmt":"2023-05-31T07:42:31","slug":"mjeku-kalo-largohet-perfundimisht-nga-shqiperia-ja-arsyeja","status":"publish","type":"post","link":"https:\/\/jugulajm.net\/?p=57625","title":{"rendered":"Mjeku Kalo largohet p\u00ebrfundimisht nga Shqip\u00ebria, ja arsyeja&#8230;"},"content":{"rendered":"<p><em>Paris 7, Fakulteti i Mjek\u00ebsis\u00eb \u201cXavier Bichat\u201d n\u00eb dy domene t\u00eb r\u00ebnd\u00ebsishme t\u00eb mjeksis\u00eb klinike: 1- S\u00ebmundjet Infektive e Tropikale, dhe 2- Reanimacionin Mjek\u00ebsor\u2026.Viti i prapt\u00eb 1997, na krijoj ang\u00ebshtin\u00eb e vijim\u00ebsis\u00eb s\u00eb jet\u00ebs n\u00eb Shqip\u00ebri\u2026 Profesionalizmi, p\u00ebrkushtimi dhe puna pak u vler\u00ebsuan n\u00eb at\u00eb koh\u00eb, dhe ato p\u00ebrs\u00ebri pak u vler\u00ebsuan pas rikthimit tim nga Kanadaja n\u00eb Korrik 2009, kur \u201cg\u00ebzova edhe statusin e t\u00eb papunit\u201d p\u00ebr nj\u00eb vit si dhe t\u00eb mos rikthimit n\u00eb auditoret e dijedh\u00ebnies n\u00eb vijim\u00ebsi deri m\u00eb sot\u2026 N\u00ebse nuk je konformist, militant apo nj\u00eb servil i delezuar pas forcave politike t\u00eb dala me shpalljen e pluralizmit n\u00eb Shqip\u00ebri m\u00eb 15.12.1990, pak ose aspak t\u00eb ofrohen mund\u00ebsit\u00eb e dh\u00ebnies s\u00eb m\u00eb t\u00eb mir\u00ebs t\u00ebnde si Mantelbardh\u00eb i panjollt\u00eb\u2026 K\u00ebt\u00eb gj\u00eb nuk duan t\u2019a pranojn\u00eb myteber\u00ebt politikb\u00ebr\u00ebs n\u00eb Shqip\u00ebri, ndaj edhe i mir\u00ebkuptoj shum\u00eb koleg\u00eb p\u00ebrse ata largohen nga \u201cDheu i t\u00eb par\u00ebve t\u00eb tyre\u201d\u2026.<\/em><\/p>\n<p><em>Fatkeq\u00ebsisht \u201cPartia, Kryetari\u201d prevalonin e vijojn\u00eb t\u00eb prevalojn\u00eb mbi profesionalizmin dhe interesat socio-politiko-ekonomiko Demokratike e Komb\u00ebtare\u2026 Fotot e m\u00ebposhtme jan\u00eb t\u00eb b\u00ebra n\u00eb Victoria, ku jeton edhe vajza e vog\u00ebl e tezes s\u00eb bashku me bashk\u00ebshortin e saj\u2026 Jemi k\u00ebtu pes\u00eb familje t\u00eb nj\u00eb lidhje shum\u00eb t\u00eb af\u00ebrt mes nesh: Familja Kalo vet\u00eb i pest\u00eb, Familja Veizaj, vajza e tezes vet\u00eb e tret\u00eb, im nip Familja Leka vet\u00eb i pest\u00eb, ime mbes\u00eb Familja Pashaj vet\u00eb i kat\u00ebrt, dhe Familja Qirjako, ime vjehrr\u00eb dhe im kunat vet\u00eb i kat\u00ebrt, si dhe shum\u00eb miq shqiptar\u00eb nga Shqip\u00ebria Londineze, nga Kosova e viset e tjera Arb\u00ebrore\u2026.Edhe pak muaj na ndajn\u00eb nga 18.07.2023, dat\u00eb q\u00eb do t\u00eb sh\u00ebnoj\u00eb edhe kthimim tim p\u00ebrfundimtar pas pensionimit n\u00eb Shqip\u00ebri, k\u00ebtu n\u00eb Victoria, BC, Canada\u2026.Gjithsesi n\u00eb \u00e7do qeliz\u00eb timen p\u00ebrjet\u00ebsisht \u00ebsht\u00eb gjurm\u00ebzuar Shqip\u00ebria dhe Shqiptarizmi\u2026.Together forever!!!-<b>,<\/b><\/em> shkruan mjeku Tritan Kalo.<\/p>\n","protected":false},"excerpt":{"rendered":"<p>Paris 7, Fakulteti i Mjek\u00ebsis\u00eb \u201cXavier Bichat\u201d n\u00eb dy domene t\u00eb r\u00ebnd\u00ebsishme t\u00eb mjeksis\u00eb klinike: 1- S\u00ebmundjet Infektive e Tropikale, dhe 2- Reanimacionin Mjek\u00ebsor\u2026.Viti i prapt\u00eb 1997, na krijoj ang\u00ebshtin\u00eb e vijim\u00ebsis\u00eb s\u00eb jet\u00ebs n\u00eb Shqip\u00ebri\u2026 Profesionalizmi, p\u00ebrkushtimi dhe puna pak u vler\u00ebsuan n\u00eb at\u00eb koh\u00eb, dhe ato p\u00ebrs\u00ebri pak u vler\u00ebsuan pas rikthimit tim [&hellip;]<\/p>\n","protected":false},"author":5,"featured_media":57626,"comment_status":"closed","ping_status":"open","sticky":false,"template":"","format":"standard","meta":{"footnotes":""},"categories":[7652,6332],"tags":[20856,22610],"class_list":{"0":"post-57625","1":"post","2":"type-post","3":"status-publish","4":"format-standard","5":"has-post-thumbnail","7":"category-shendetesi","8":"category-te-fundit","9":"tag-ja-arsyeja","10":"tag-mjeku-kalo-argohet-perfundimisht-nga-shqiperia"},"_links":{"self":[{"href":"https:\/\/jugulajm.net\/index.php?rest_route=\/wp\/v2\/posts\/57625","targetHints":{"allow":["GET"]}}],"collection":[{"href":"https:\/\/jugulajm.net\/index.php?rest_route=\/wp\/v2\/posts"}],"about":[{"href":"https:\/\/jugulajm.net\/index.php?rest_route=\/wp\/v2\/types\/post"}],"author":[{"embeddable":true,"href":"https:\/\/jugulajm.net\/index.php?rest_route=\/wp\/v2\/users\/5"}],"replies":[{"embeddable":true,"href":"https:\/\/jugulajm.net\/index.php?rest_route=%2Fwp%2Fv2%2Fcomments&post=57625"}],"version-history":[{"count":0,"href":"https:\/\/jugulajm.net\/index.php?rest_route=\/wp\/v2\/posts\/57625\/revisions"}],"wp:featuredmedia":[{"embeddable":true,"href":"https:\/\/jugulajm.net\/index.php?rest_route=\/wp\/v2\/media\/57626"}],"wp:attachment":[{"href":"https:\/\/jugulajm.net\/index.php?rest_route=%2Fwp%2Fv2%2Fmedia&parent=57625"}],"wp:term":[{"taxonomy":"category","embeddable":true,"href":"https:\/\/jugulajm.net\/index.php?rest_route=%2Fwp%2Fv2%2Fcategories&post=57625"},{"taxonomy":"post_tag","embeddable":true,"href":"https:\/\/jugulajm.net\/index.php?rest_route=%2Fwp%2Fv2%2Ftags&post=57625"}],"curies":[{"name":"wp","href":"https:\/\/api.w.org\/{rel}","templated":true}]}}