{"id":57614,"date":"2023-04-01T09:16:25","date_gmt":"2023-04-01T07:16:25","guid":{"rendered":"https:\/\/jugulajm.net\/?p=57614"},"modified":"2023-05-31T09:42:31","modified_gmt":"2023-05-31T07:42:31","slug":"moti-sot-reshje-dhe-vranesira-11","status":"publish","type":"post","link":"https:\/\/jugulajm.net\/?p=57614","title":{"rendered":"Moti sot\/ Reshje dhe vran\u00ebsira"},"content":{"rendered":"<p>Territori shqiptar n\u00eb pjes\u00ebn e par\u00eb t\u00eb dit\u00ebs parashikohet t\u00eb jet\u00eb n\u00eb mbizot\u00ebrimin e vran\u00ebsirave kalimtare t\u00eb cilat m\u00eb t\u00eb dukshme do t\u00eb jen\u00eb n\u00eb zonat veriore, ku dhe do t\u00eb gjenerojn\u00eb reshje.<\/p>\n<div class=\"jeg_ad jeg_ad_article jnews_content_inline_ads\">\n<div class=\"ads-wrapper align-center\">\n<div class=\"ads_code\">Nd\u00ebrsa gjat\u00eb mesdit\u00ebs dhe pasdites vran\u00ebsirat do t\u00eb theksohen n\u00eb t\u00eb gjith\u00eb territorin e vendit duke krijuar momente me reshje t\u00eb pakta shiu. Mbr\u00ebmja dhe nata do t\u00eb mbeten n\u00ebn ndikimin e vransirave t\u00eb shpeshta dhe reshjeve t\u00eb pakta dhe t\u00eb izoluara.<\/div>\n<div><\/div>\n<\/div>\n<\/div>\n<p>Temperaturat e ajrit do t\u00eb rriten n\u00eb m\u00ebngjes, pot do t\u00eb ulen ndjesh\u00ebm n\u00eb mesdit\u00eb duke u luhatur nga 4\u00b0C deri n\u00eb 19\u00b0C.<\/p>\n<p>Era do t\u00eb fryj\u00eb mesatare dhe e fort\u00eb me shpejt\u00ebsi 50 km\/h nga drejtimi jug-per\u00ebndimoreduke sjell\u00eb n\u00eb brigjet detare dallg\u00ebzim 3 \u2013 4 ball\u00eb.<\/p>\n","protected":false},"excerpt":{"rendered":"<p>Territori shqiptar n\u00eb pjes\u00ebn e par\u00eb t\u00eb dit\u00ebs parashikohet t\u00eb jet\u00eb n\u00eb mbizot\u00ebrimin e vran\u00ebsirave kalimtare t\u00eb cilat m\u00eb t\u00eb dukshme do t\u00eb jen\u00eb n\u00eb zonat veriore, ku dhe do t\u00eb gjenerojn\u00eb reshje. Nd\u00ebrsa gjat\u00eb mesdit\u00ebs dhe pasdites vran\u00ebsirat do t\u00eb theksohen n\u00eb t\u00eb gjith\u00eb territorin e vendit duke krijuar momente me reshje t\u00eb pakta [&hellip;]<\/p>\n","protected":false},"author":5,"featured_media":53315,"comment_status":"closed","ping_status":"open","sticky":false,"template":"","format":"standard","meta":{"footnotes":""},"categories":[7650,6332],"tags":[22083],"class_list":{"0":"post-57614","1":"post","2":"type-post","3":"status-publish","4":"format-standard","5":"has-post-thumbnail","7":"category-moti","8":"category-te-fundit","9":"tag-moti-sot-reshje-dhe-vranesira"},"_links":{"self":[{"href":"https:\/\/jugulajm.net\/index.php?rest_route=\/wp\/v2\/posts\/57614","targetHints":{"allow":["GET"]}}],"collection":[{"href":"https:\/\/jugulajm.net\/index.php?rest_route=\/wp\/v2\/posts"}],"about":[{"href":"https:\/\/jugulajm.net\/index.php?rest_route=\/wp\/v2\/types\/post"}],"author":[{"embeddable":true,"href":"https:\/\/jugulajm.net\/index.php?rest_route=\/wp\/v2\/users\/5"}],"replies":[{"embeddable":true,"href":"https:\/\/jugulajm.net\/index.php?rest_route=%2Fwp%2Fv2%2Fcomments&post=57614"}],"version-history":[{"count":0,"href":"https:\/\/jugulajm.net\/index.php?rest_route=\/wp\/v2\/posts\/57614\/revisions"}],"wp:featuredmedia":[{"embeddable":true,"href":"https:\/\/jugulajm.net\/index.php?rest_route=\/wp\/v2\/media\/53315"}],"wp:attachment":[{"href":"https:\/\/jugulajm.net\/index.php?rest_route=%2Fwp%2Fv2%2Fmedia&parent=57614"}],"wp:term":[{"taxonomy":"category","embeddable":true,"href":"https:\/\/jugulajm.net\/index.php?rest_route=%2Fwp%2Fv2%2Fcategories&post=57614"},{"taxonomy":"post_tag","embeddable":true,"href":"https:\/\/jugulajm.net\/index.php?rest_route=%2Fwp%2Fv2%2Ftags&post=57614"}],"curies":[{"name":"wp","href":"https:\/\/api.w.org\/{rel}","templated":true}]}}