{"id":57603,"date":"2023-03-31T19:20:55","date_gmt":"2023-03-31T17:20:55","guid":{"rendered":"https:\/\/jugulajm.net\/?p=57603"},"modified":"2023-05-31T09:42:31","modified_gmt":"2023-05-31T07:42:31","slug":"shehu-partia-nuk-eshte-vula-qe-iu-var-paterices-se-rames","status":"publish","type":"post","link":"https:\/\/jugulajm.net\/?p=57603","title":{"rendered":"VIDEO\/ Shehu: Partia nuk \u00ebsht\u00eb vula q\u00eb iu var pateric\u00ebs s\u00eb Ram\u00ebs"},"content":{"rendered":"<p>Deputeti i PD-s\u00eb per Qarkun Gjirokaster, Tritan Shehu, n\u00eb nj\u00eb intervist\u00eb p\u00ebr RTV Ora deklaroi se Partia Demokratike do t\u00eb paraqitet n\u00eb zgjedhjet e 14 majit me 61 kandidat\u00eb p\u00ebr secil\u00ebn bashki.<\/p>\n<p>Situat\u00ebn politike t\u00eb PD-s\u00eb ai e konsideroj\u00eb si nj\u00eb vul\u00eb q\u00eb iu var n\u00eb qaf\u00eb dikujt nga Rama.<\/p>\n<p><em>&#8220;PD do t\u00eb p\u00ebrfaq\u00ebsohet nga 61 kandidat\u00eb p\u00ebr kryetar bashkie n\u00eb t\u00eb gjitha bashkit\u00eb. N\u00eb Gjirokast\u00ebr jan\u00eb 7 kandidat\u00eb q\u00eb jan\u00eb paraqitur n\u00eb t\u00eb 7 bashkit\u00eb. K\u00ebshtu do t\u00eb jet\u00eb n\u00eb t\u00eb gjtih\u00eb Shqip\u00ebrin\u00eb. Ne po merremi tashm me organizimin proceset zgjedhore dhe po ecet drejt nj\u00eb suksesi q\u00eb mendoj do t\u00eb jet\u00eb i spikatur n\u00eb 14 maj nga PD-ja.<\/em><\/p>\n<p><em>Partia nuk \u00ebsht\u00eb nj\u00eb vul\u00eb q\u00eb i varet n\u00eb qaf\u00eb dikujt, aq m\u00eb tep\u00ebr nj\u00eb njeriu q\u00eb ka p\u00ebr mision p\u00ebr\u00e7arjen e PD-s\u00eb, opozit\u00ebs demokratike dhe \u00ebsht\u00eb nj\u00eb pateric\u00eb e Edi Ram\u00ebs. PD-ja \u00ebsht\u00eb shum\u00eb m\u00eb e gjer\u00eb, jan\u00eb njer\u00ebzit, strukturat, jan\u00eb idealet. Kjo \u00ebsht\u00eb PD. Nuk mund t\u00eb tjet\u00ebrsohet nga q\u00eb Rama i vari n\u00eb qaf\u00eb vul\u00ebn pateric\u00ebs s\u00eb tij.<\/em><\/p>\n<p><em>P\u00ebr mua ishte e pritshme kjo. Nuk kam pasur ndonj\u00eb iluzion me k\u00ebt\u00eb, as p\u00ebr vendimin q\u00eb do merrte Gjykata e drejtuar nga Rama, apo pjes\u00ebt e KQZ t\u00eb drejtuar nag Rama q\u00eb do t\u00eb p\u00ebrdori at\u00eb person n\u00eb m\u00ebnyr\u00eb kaq t\u00eb keqp\u00ebrdorur,&#8221;\u00a0tha Shehu.<\/em><\/p>\n","protected":false},"excerpt":{"rendered":"<p>Deputeti i PD-s\u00eb per Qarkun Gjirokaster, Tritan Shehu, n\u00eb nj\u00eb intervist\u00eb p\u00ebr RTV Ora deklaroi se Partia Demokratike do t\u00eb paraqitet n\u00eb zgjedhjet e 14 majit me 61 kandidat\u00eb p\u00ebr secil\u00ebn bashki. Situat\u00ebn politike t\u00eb PD-s\u00eb ai e konsideroj\u00eb si nj\u00eb vul\u00eb q\u00eb iu var n\u00eb qaf\u00eb dikujt nga Rama. &#8220;PD do t\u00eb p\u00ebrfaq\u00ebsohet nga [&hellip;]<\/p>\n","protected":false},"author":5,"featured_media":55513,"comment_status":"closed","ping_status":"open","sticky":false,"template":"","format":"video","meta":{"footnotes":""},"categories":[1,6326,6332],"tags":[22604],"class_list":{"0":"post-57603","1":"post","2":"type-post","3":"status-publish","4":"format-video","5":"has-post-thumbnail","7":"category-aktualitet","8":"category-politike","9":"category-te-fundit","10":"tag-shehu-partia-nuk-eshte-vula-qe-iu-var-paterices-se-rames","11":"post_format-post-format-video"},"_links":{"self":[{"href":"https:\/\/jugulajm.net\/index.php?rest_route=\/wp\/v2\/posts\/57603","targetHints":{"allow":["GET"]}}],"collection":[{"href":"https:\/\/jugulajm.net\/index.php?rest_route=\/wp\/v2\/posts"}],"about":[{"href":"https:\/\/jugulajm.net\/index.php?rest_route=\/wp\/v2\/types\/post"}],"author":[{"embeddable":true,"href":"https:\/\/jugulajm.net\/index.php?rest_route=\/wp\/v2\/users\/5"}],"replies":[{"embeddable":true,"href":"https:\/\/jugulajm.net\/index.php?rest_route=%2Fwp%2Fv2%2Fcomments&post=57603"}],"version-history":[{"count":0,"href":"https:\/\/jugulajm.net\/index.php?rest_route=\/wp\/v2\/posts\/57603\/revisions"}],"wp:featuredmedia":[{"embeddable":true,"href":"https:\/\/jugulajm.net\/index.php?rest_route=\/wp\/v2\/media\/55513"}],"wp:attachment":[{"href":"https:\/\/jugulajm.net\/index.php?rest_route=%2Fwp%2Fv2%2Fmedia&parent=57603"}],"wp:term":[{"taxonomy":"category","embeddable":true,"href":"https:\/\/jugulajm.net\/index.php?rest_route=%2Fwp%2Fv2%2Fcategories&post=57603"},{"taxonomy":"post_tag","embeddable":true,"href":"https:\/\/jugulajm.net\/index.php?rest_route=%2Fwp%2Fv2%2Ftags&post=57603"}],"curies":[{"name":"wp","href":"https:\/\/api.w.org\/{rel}","templated":true}]}}