{"id":57592,"date":"2023-03-31T14:39:26","date_gmt":"2023-03-31T12:39:26","guid":{"rendered":"https:\/\/jugulajm.net\/?p=57592"},"modified":"2023-05-31T09:42:31","modified_gmt":"2023-05-31T07:42:31","slug":"nga-martinaj-inceneratoret-deri-te-sulmi-ndaj-top-channel-flet-shefi-i-spak-ut","status":"publish","type":"post","link":"https:\/\/jugulajm.net\/?p=57592","title":{"rendered":"Nga Martinaj, incenerator\u00ebt, deri te sulmi ndaj \u201cTop Channel\u201d, flet shefi i SPAK-ut"},"content":{"rendered":"<p>Kreu i SPAK-ut, Altin Dumani, ka folur n\u00eb nj\u00eb takim informal me gazetar\u00ebt n\u00eb lidhje me \u00e7\u00ebshtjet m\u00eb t\u00eb nxehta t\u00eb momentit q\u00eb jan\u00eb marr\u00eb n\u00eb shqyrtim nga kjo Prokurori.<\/p>\n<p>Fillimisht Dumani deklaroi se hetuesit e Byros\u00eb Komb\u00ebtare t\u00eb Hetimit kan\u00eb gjetur prova n\u00eb kontrollin q\u00eb u \u00ebsht\u00eb b\u00ebr\u00eb vilave t\u00eb bashk\u00ebjetueses s\u00eb Arben Ahmetajt.<\/p>\n<p>\u201cNuk i marrim leje kurrkujt e th\u00ebrrasim k\u00ebdo t\u00eb jet\u00eb p\u00ebr ta marr\u00eb n\u00eb pyetje, Arben Ahmetajn apo kushdo q\u00eb t\u00eb jet\u00eb. Kontrollet jan\u00eb n\u00eb dinamik\u00ebn e hetimit, ku grupi vler\u00ebsoi se n\u00eb k\u00ebto ambiente mund t\u00eb gjendeshin prova. Kemi gjetur prova. Sekuestro \u00ebsht\u00eb preventive, mas\u00eb sigurie me q\u00ebllim q\u00eb t\u00eb mos tjet\u00ebrsohet pron\u00ebsia. N\u00eb verifikim \u00ebsht\u00eb \u00e7do gj\u00eb. Kemi nisur let\u00ebrporosi n\u00eb shum\u00eb shtete, jo vet\u00ebm n\u00eb nj\u00eb shtet, k\u00ebrkon koh\u00eb, ka q\u00eb jan\u00eb p\u00ebrgjigjur, ka q\u00eb jan\u00eb n\u00eb proces, hetimi p\u00ebrfshin \u00e7do gj\u00eb (p\u00ebrfshir\u00eb edhe mund\u00ebsin\u00eb e fshehjes s\u00eb pasuris\u00eb jasht\u00eb). Patjet\u00ebr q\u00eb do ta th\u00ebrrasim Ahmetajn, n\u00ebse do ta shikojm\u00eb t\u00eb nevojshme\u201d,\u00a0tha Dumani.<\/p>\n<p>M\u00eb pas Dumani u \u00ebsht\u00eb p\u00ebrgjigjur gazetar\u00ebve n\u00eb lidhje me sekuestrimin e inceneratorit t\u00eb Tiran\u00ebs, ku tha se veprimet po kryhen me kujdes pasi n\u00eb rast paligjshm\u00ebrie shteti mund t\u00eb p\u00ebrballet me\u00a0nj\u00eb padi n\u00eb arbitrazh.<\/p>\n<p>\u201cI takon prokurorit t\u00eb \u00e7\u00ebshtjes. E para, ata po kryejn\u00eb shum\u00eb veprime hetimore, me intensitet shum\u00eb t\u00eb madh. Aty ka shoq\u00ebri pas shoq\u00ebrie dhe duhet t&#8217;i gjendet pronari real se nes\u00ebr pasnes\u00ebr t\u00eb \u00e7on n\u00eb arbitrazh. Patjet\u00ebr q\u00eb po paguajm\u00eb se \u00ebsht\u00eb detyrim kontraktual. Por e para prokurori konstaton paligjshm\u00ebri dhe m\u00eb pas nxjerr p\u00ebrgjegj\u00ebsit\u201d,\u00a0u shpreh ai.<\/p>\n<p>Drejtuesi i SPAK-ut, \u00ebsht\u00eb shprehur se po hetohet dhe \u00e7\u00ebshtja e Ervis Martinajt, por n\u00eb lidhje me d\u00ebshmin\u00eb e efektivit t\u00eb arrestuar si truproj\u00eb e Martinajt, Jeton Lami, nuk ka asnj\u00eb t\u00eb re.<\/p>\n<p>\u201c\u00c7a bashk\u00ebpunimi t\u00eb k\u00ebrkojm\u00eb me prokurorin\u00eb e Kurbinit, ne e kemi n\u00eb hetim, n\u00eb kuad\u00ebr t\u00eb hetimit, ne kemi informacionet tona. Jeton Lami ka preferuar t\u00eb hesht\u00eb dhe t\u00eb mos jap\u00eb deklarime. E para ngjarjen e &#8216;Don Boskos&#8217;, nuk e ka n\u00eb hetim Prokuroria e Posa\u00e7me. Un\u00eb jam prokuror dhe nuk mund t\u00eb them se me episodin e &#8216;Don Boskos&#8217;, u &#8216;ngjall&#8217; apo nuk u &#8216;ngjall&#8217; Ervis Martinaj. Nga ana jon\u00eb jan\u00eb nd\u00ebrmarr\u00eb veprime hetimore, kemi sekuestruar pasurit\u00eb dhe kemi pistat tona edhe sa i p\u00ebrket hetimit t\u00eb k\u00ebsaj \u00e7\u00ebshtjeje. Jan\u00eb d\u00ebrguar aktet n\u00eb gjykat\u00eb dhe dosja hetimore nga ana jon\u00eb\u201d,\u00a0ka th\u00ebn\u00eb Dumani.<\/p>\n<p>Altin Dumani, \u00ebsht\u00eb shprehur gjithashtu se SPAK-u po kontribuon n\u00eb zbardhjen e atentatit ndaj &#8220;Top Channel&#8221;.<\/p>\n<p>\u201cQ\u00eb n\u00eb or\u00ebt e para t\u00eb m\u00ebngjesit, kam kontaktuar n\u00eb telefon drejtorin e p\u00ebrgjithsh\u00ebm t\u00eb Policis\u00eb s\u00eb Shtetit. I kam ofruar mb\u00ebshtetjen e plot\u00eb t\u00eb struktur\u00ebs s\u00eb posa\u00e7me. M\u00eb ka th\u00ebn\u00eb se po kryeheshin veprimet e para hetimore. Kam vendosur t\u00eb d\u00ebrgoj n\u00eb analiz\u00ebn e b\u00ebr\u00eb n\u00eb drejtorin\u00eb e policis\u00eb, nj\u00eb prokuror dhe oficer t\u00eb policis\u00eb gjyq\u00ebsore. Megjith\u00ebse \u00ebsht\u00eb \u00e7\u00ebshtje n\u00eb kompetenc\u00eb t\u00eb prokuroris\u00eb s\u00eb Tiran\u00ebs, edhe ne jemi aty, po b\u00ebjm\u00eb veprimet tona, dhe n\u00ebse do dal\u00eb di\u00e7ka, do kemi veprime\u201d,\u00a0theksoi Dumani.<\/p>\n<p>Kreu i SPAK-ut preku dhe nj\u00eb tjet\u00ebr \u00e7\u00ebshtje t\u00eb nxeht\u00eb si ajo e Stela Gugalles, bashk\u00ebjetueses s\u00eb Mirel M\u00ebrtirit.<\/p>\n<p>Ai u shpreh se ata nuk kan\u00eb nj\u00eb p\u00ebrgjigje nga autoritetet austriake, por thjesht kan\u00eb nj\u00eb proces ekstradimi dhe se SPAK-u nuk di asgj\u00eb p\u00ebr vijimin e procesit, sepse jan\u00eb autoritete t\u00eb tjera ato q\u00eb merren me procedurat.<\/p>\n<p>\u201cNuk kemi p\u00ebrgjigje zyrtare nga autoritetet austriake. Thjesht dim\u00eb q\u00eb ka nj\u00eb proces ekstradimi, por nuk dim\u00eb p\u00ebr vijimin e tij, pasi jan\u00eb autoritete t\u00eb tjera q\u00eb merren me procedurat\u201d,\u00a0tha Dumani.<\/p>\n<p>Kreu i SPAK-ut, Altin Dumani, tha se SPAK-u nuk ka nj\u00eb informacion se Adriatik Llalla ka p\u00ebrfituar azil politik dhe se p\u00ebr t\u00eb procesi i ekstradimit \u00ebsht\u00eb n\u00eb vijim\u00ebsi.<\/p>\n<p>\u201cAdriatik Llalla ka p\u00ebrfituar nga Gjykata e Apelit n\u00eb Rom\u00eb marrjen e pasaport\u00ebs me q\u00ebllim l\u00ebvizjen brenda territorit italian. Procesi vijon n\u00eb Itali p\u00ebr ekstradimin e ish-kryeprokurorit t\u00eb Shqip\u00ebris\u00eb, Adriatik Llalla\u201d,\u00a0u shpreh Dumani n\u00eb komunikimin me gazetar\u00ebt.<\/p>\n<p>P\u00ebr t\u00eb gjitha ngjarjet e pyetura nga gazetar\u00ebt, kreu i SPAK-ut ka &#8220;ky\u00e7ur goj\u00ebn&#8221; duke iu p\u00ebrgjigjur shkurt gazetar\u00ebve si dhe duke mos dh\u00ebn\u00eb shum\u00eb detaje mbi zbardhjen e tyre.<\/p>\n","protected":false},"excerpt":{"rendered":"<p>Kreu i SPAK-ut, Altin Dumani, ka folur n\u00eb nj\u00eb takim informal me gazetar\u00ebt n\u00eb lidhje me \u00e7\u00ebshtjet m\u00eb t\u00eb nxehta t\u00eb momentit q\u00eb jan\u00eb marr\u00eb n\u00eb shqyrtim nga kjo Prokurori. Fillimisht Dumani deklaroi se hetuesit e Byros\u00eb Komb\u00ebtare t\u00eb Hetimit kan\u00eb gjetur prova n\u00eb kontrollin q\u00eb u \u00ebsht\u00eb b\u00ebr\u00eb vilave t\u00eb bashk\u00ebjetueses s\u00eb Arben Ahmetajt. [&hellip;]<\/p>\n","protected":false},"author":5,"featured_media":54029,"comment_status":"closed","ping_status":"open","sticky":false,"template":"","format":"standard","meta":{"footnotes":""},"categories":[1,6332],"tags":[22598,22599,22597,22596],"class_list":{"0":"post-57592","1":"post","2":"type-post","3":"status-publish","4":"format-standard","5":"has-post-thumbnail","7":"category-aktualitet","8":"category-te-fundit","9":"tag-deri-te-sulmi-ndaj-top-channel","10":"tag-flet-shefi-i-spak-ut","11":"tag-inceneratoret","12":"tag-nga-martinaj"},"_links":{"self":[{"href":"https:\/\/jugulajm.net\/index.php?rest_route=\/wp\/v2\/posts\/57592","targetHints":{"allow":["GET"]}}],"collection":[{"href":"https:\/\/jugulajm.net\/index.php?rest_route=\/wp\/v2\/posts"}],"about":[{"href":"https:\/\/jugulajm.net\/index.php?rest_route=\/wp\/v2\/types\/post"}],"author":[{"embeddable":true,"href":"https:\/\/jugulajm.net\/index.php?rest_route=\/wp\/v2\/users\/5"}],"replies":[{"embeddable":true,"href":"https:\/\/jugulajm.net\/index.php?rest_route=%2Fwp%2Fv2%2Fcomments&post=57592"}],"version-history":[{"count":0,"href":"https:\/\/jugulajm.net\/index.php?rest_route=\/wp\/v2\/posts\/57592\/revisions"}],"wp:featuredmedia":[{"embeddable":true,"href":"https:\/\/jugulajm.net\/index.php?rest_route=\/wp\/v2\/media\/54029"}],"wp:attachment":[{"href":"https:\/\/jugulajm.net\/index.php?rest_route=%2Fwp%2Fv2%2Fmedia&parent=57592"}],"wp:term":[{"taxonomy":"category","embeddable":true,"href":"https:\/\/jugulajm.net\/index.php?rest_route=%2Fwp%2Fv2%2Fcategories&post=57592"},{"taxonomy":"post_tag","embeddable":true,"href":"https:\/\/jugulajm.net\/index.php?rest_route=%2Fwp%2Fv2%2Ftags&post=57592"}],"curies":[{"name":"wp","href":"https:\/\/api.w.org\/{rel}","templated":true}]}}