{"id":57587,"date":"2023-03-31T13:14:32","date_gmt":"2023-03-31T11:14:32","guid":{"rendered":"https:\/\/jugulajm.net\/?p=57587"},"modified":"2023-05-31T09:42:31","modified_gmt":"2023-05-31T07:42:31","slug":"foto-gjergji-merkuri-kandidati-i-pavarur-kallezon-penalisht-kreun-e-ps-se-ne-sarande-me-pengon-te-marr-pjese-ne-zgjedhje","status":"publish","type":"post","link":"https:\/\/jugulajm.net\/?p=57587","title":{"rendered":"FOTO\/ Gjergji M\u00ebrkuri, kandidati i pavarur kall\u00ebzon penalisht kreun e PS-s\u00eb n\u00eb Sarand\u00eb, ja arsyeja&#8230;"},"content":{"rendered":"<p>Gjergji M\u00ebrkuri, kandidati i pavarur n\u00eb Sarand\u00eb ka kall\u00ebzuar penalisht kryetarin e Partis\u00eb Socialiste n\u00eb Sarand\u00eb, Eleron Gjoni. Ai e akuzon Gjonin se po e pengon q\u00eb t\u00eb garoj\u00eb n\u00eb zgjedhjet lokale t\u00eb 14 Majit. N\u00eb kall\u00ebzimin e b\u00ebr\u00eb, M\u00ebrkuri thot\u00eb se ndihet i k\u00ebrc\u00ebnuar dhe \u00ebsht\u00eb penguar q\u00eb t\u00eb jet\u00eb i lir\u00eb p\u00ebr t\u00eb marr\u00eb pjes\u00eb n\u00eb gar\u00eb.<\/p>\n<p><strong>OBJEKTI I KALLEZIMT<\/strong><\/p>\n<p><em>Pengimi i subjekteve zgjedhore, pengimi me an\u00eb t\u00eb kanosjes, dhun\u00ebs, apo me \u00e7do m\u00ebnyr\u00eb tjet\u00ebr i subjekteve zgjedhore apo i kandidat\u00ebve p\u00ebr t\u00eb zhvilluar veprimtarin\u00eb e tyre n\u00eb p\u00ebrputhje me ligjin gjat\u00eb fushat\u00ebs zgjedhore<\/em><\/p>\n<p><em>P\u00ebrdorimi i funksionit publik p\u00ebr veprimtari politike ose zgjedhore \u2013 Detyrimi ose k\u00ebrkesa drejtuar shtetasve, nga nj\u00eb punonj\u00ebs q\u00eb kryen nj\u00eb detyr\u00eb shtet\u00ebrore, q\u00eb kund\u00ebr vullnetit t\u00eb tyre ose n\u00ebn k\u00ebrc\u00ebnimin e p\u00ebrdorimit t\u00eb masave administrative ose disiplinore. p\u00ebr t\u00eb marr\u00eb pjes\u00eb n\u00eb veprimtari zgjedhore t\u00eb nj\u00eb subjekti zgjedhor, p\u00ebr t\u00eb marr\u00eb ose jo pjes\u00eb n\u00eb zgjedhje, p\u00ebr t\u00eb mb\u00ebshtetur ose jo nj\u00eb parti politike ose nj\u00eb kandidat n\u00eb zgjedhje, ose p\u00ebr t\u00eb votuar n\u00eb nj\u00eb m\u00ebnyr\u00eb caktuar.\u00a0<\/em><em>Shperdorimi i detyres dhe kercenimi, ushtrimi i dhunes psikologjike dhe shantazhit te kryer nga funksionare publike.<img decoding=\"async\" src=\"https:\/\/cdnimpuls.com\/dosja.al\/media3\/-640-0-1680200490x8eed37d0-1bfe-4d4f-95a6-7c205b943e2a-276x400-384.jpg\" alt=\"&quot;M\u00eb pengon t\u00eb marr pjes\u00eb n\u00eb zgjedhje&quot;\/ Kandidati i\" \/><\/em><\/p>\n<p>Nj\u00eb dit\u00eb m\u00eb par\u00eb, ish-kryetari socialist i deg\u00ebs Sarand\u00eb, Gjergj M\u00ebrkuri denoncoi publikisht PS-n\u00eb se kan\u00eb b\u00ebr\u00eb p\u00ebrpjekje p\u00ebr ta bllokuar kandidimin e tij. Me an\u00eb t\u00eb nj\u00eb postimi t\u00eb b\u00ebr\u00eb n\u00eb rrjetet e tij sociale n\u00eb Facebook, M\u00ebrkuri tha se kishte dor\u00ebzuar n\u00eb KZAZ e Sarand\u00ebs list\u00ebn e komisionit nism\u00ebtar dhe firmat e nevojshme p\u00ebr regjistrimin si kandidat pavarur, por sipas tij, disa persona kan\u00eb kryer shantazhe ndaj qytetar\u00ebve q\u00eb kan\u00eb firmosur p\u00ebr kandidimin e tij.<\/p>\n","protected":false},"excerpt":{"rendered":"<p>Gjergji M\u00ebrkuri, kandidati i pavarur n\u00eb Sarand\u00eb ka kall\u00ebzuar penalisht kryetarin e Partis\u00eb Socialiste n\u00eb Sarand\u00eb, Eleron Gjoni. Ai e akuzon Gjonin se po e pengon q\u00eb t\u00eb garoj\u00eb n\u00eb zgjedhjet lokale t\u00eb 14 Majit. N\u00eb kall\u00ebzimin e b\u00ebr\u00eb, M\u00ebrkuri thot\u00eb se ndihet i k\u00ebrc\u00ebnuar dhe \u00ebsht\u00eb penguar q\u00eb t\u00eb jet\u00eb i lir\u00eb p\u00ebr t\u00eb [&hellip;]<\/p>\n","protected":false},"author":5,"featured_media":57588,"comment_status":"closed","ping_status":"open","sticky":false,"template":"","format":"standard","meta":{"footnotes":""},"categories":[1,6332],"tags":[22594,22595],"class_list":{"0":"post-57587","1":"post","2":"type-post","3":"status-publish","4":"format-standard","5":"has-post-thumbnail","7":"category-aktualitet","8":"category-te-fundit","9":"tag-foto-gjergji-merkuri","10":"tag-kandidati-i-pavarur-kallezon-penalisht-kreun-e-ps-se-ne-sarande-me-pengon-te-marr-pjese-ne-zgjedhje"},"_links":{"self":[{"href":"https:\/\/jugulajm.net\/index.php?rest_route=\/wp\/v2\/posts\/57587","targetHints":{"allow":["GET"]}}],"collection":[{"href":"https:\/\/jugulajm.net\/index.php?rest_route=\/wp\/v2\/posts"}],"about":[{"href":"https:\/\/jugulajm.net\/index.php?rest_route=\/wp\/v2\/types\/post"}],"author":[{"embeddable":true,"href":"https:\/\/jugulajm.net\/index.php?rest_route=\/wp\/v2\/users\/5"}],"replies":[{"embeddable":true,"href":"https:\/\/jugulajm.net\/index.php?rest_route=%2Fwp%2Fv2%2Fcomments&post=57587"}],"version-history":[{"count":0,"href":"https:\/\/jugulajm.net\/index.php?rest_route=\/wp\/v2\/posts\/57587\/revisions"}],"wp:featuredmedia":[{"embeddable":true,"href":"https:\/\/jugulajm.net\/index.php?rest_route=\/wp\/v2\/media\/57588"}],"wp:attachment":[{"href":"https:\/\/jugulajm.net\/index.php?rest_route=%2Fwp%2Fv2%2Fmedia&parent=57587"}],"wp:term":[{"taxonomy":"category","embeddable":true,"href":"https:\/\/jugulajm.net\/index.php?rest_route=%2Fwp%2Fv2%2Fcategories&post=57587"},{"taxonomy":"post_tag","embeddable":true,"href":"https:\/\/jugulajm.net\/index.php?rest_route=%2Fwp%2Fv2%2Ftags&post=57587"}],"curies":[{"name":"wp","href":"https:\/\/api.w.org\/{rel}","templated":true}]}}