{"id":57571,"date":"2023-03-31T09:00:54","date_gmt":"2023-03-31T07:00:54","guid":{"rendered":"https:\/\/jugulajm.net\/?p=57571"},"modified":"2023-05-31T09:42:32","modified_gmt":"2023-05-31T07:42:32","slug":"lajm-i-fundit-goditi-me-thike-bashkeshorten-dje-ne-tepelene-prangoset-42-vjecari","status":"publish","type":"post","link":"https:\/\/jugulajm.net\/?p=57571","title":{"rendered":"LAJM I FUNDIT\/ Goditi me thik\u00eb bashk\u00ebshorten dje n\u00eb Tepelen\u00eb, prangoset 42-vje\u00e7ari"},"content":{"rendered":"<p>Tepelen\u00eb<\/p>\n<p>Goditi bashk\u00ebshorten, me mjet prer\u00ebs (thik\u00eb), dhe m\u00eb pas d\u00ebmtoi veten, vihet n\u00eb pranga 42-vje\u00e7ari.<\/p>\n<p>Specialist\u00ebt e Seksionit p\u00ebr Hetimin e Krimeve t\u00eb Komisariatit t\u00eb Policis\u00eb Tepelen\u00eb arrestuan n\u00eb flagranc\u00eb shtetasin L. N., 42 vje\u00e7, banues n\u00eb Tepelen\u00eb.<\/p>\n<p>Arrestimi i k\u00ebtij shtetasi u b\u00eb pasi dit\u00ebn e djeshme, dyshohet se pas nj\u00eb konflikti t\u00eb \u00e7astit n\u00eb banes\u00eb, n\u00eb lagjen &#8220;Selam Musai&#8221;, Tepelen\u00eb, ka goditur me mjet prer\u00ebs (thik\u00eb) bashk\u00ebshorten e tij, shtetasen F. N., 40 vje\u00e7e dhe m\u00eb pas ka d\u00ebmtuar dhe veten. T\u00eb dy k\u00ebta shtetas ndodhen n\u00eb spital, n\u00ebn kujdesin e mjek\u00ebve.<\/p>\n<p>Materialet n\u00eb ngarkim t\u00eb shtetasit L. N. i kaluan Prokuroris\u00eb pran\u00eb Gjykat\u00ebs s\u00eb Shkall\u00ebs s\u00eb Par\u00eb Gjirokast\u00ebr, p\u00ebr veprime t\u00eb m\u00ebtejshme.<\/p>\n","protected":false},"excerpt":{"rendered":"<p>Tepelen\u00eb Goditi bashk\u00ebshorten, me mjet prer\u00ebs (thik\u00eb), dhe m\u00eb pas d\u00ebmtoi veten, vihet n\u00eb pranga 42-vje\u00e7ari. Specialist\u00ebt e Seksionit p\u00ebr Hetimin e Krimeve t\u00eb Komisariatit t\u00eb Policis\u00eb Tepelen\u00eb arrestuan n\u00eb flagranc\u00eb shtetasin L. N., 42 vje\u00e7, banues n\u00eb Tepelen\u00eb. Arrestimi i k\u00ebtij shtetasi u b\u00eb pasi dit\u00ebn e djeshme, dyshohet se pas nj\u00eb konflikti t\u00eb [&hellip;]<\/p>\n","protected":false},"author":5,"featured_media":56322,"comment_status":"closed","ping_status":"open","sticky":false,"template":"","format":"standard","meta":{"footnotes":""},"categories":[1,6332],"tags":[22587,22588],"class_list":{"0":"post-57571","1":"post","2":"type-post","3":"status-publish","4":"format-standard","5":"has-post-thumbnail","7":"category-aktualitet","8":"category-te-fundit","9":"tag-lajm-i-fundit-goditi-me-thike-bashkeshorten-dje-ne-tepelene","10":"tag-prangoset-42-vjecari"},"_links":{"self":[{"href":"https:\/\/jugulajm.net\/index.php?rest_route=\/wp\/v2\/posts\/57571","targetHints":{"allow":["GET"]}}],"collection":[{"href":"https:\/\/jugulajm.net\/index.php?rest_route=\/wp\/v2\/posts"}],"about":[{"href":"https:\/\/jugulajm.net\/index.php?rest_route=\/wp\/v2\/types\/post"}],"author":[{"embeddable":true,"href":"https:\/\/jugulajm.net\/index.php?rest_route=\/wp\/v2\/users\/5"}],"replies":[{"embeddable":true,"href":"https:\/\/jugulajm.net\/index.php?rest_route=%2Fwp%2Fv2%2Fcomments&post=57571"}],"version-history":[{"count":0,"href":"https:\/\/jugulajm.net\/index.php?rest_route=\/wp\/v2\/posts\/57571\/revisions"}],"wp:featuredmedia":[{"embeddable":true,"href":"https:\/\/jugulajm.net\/index.php?rest_route=\/wp\/v2\/media\/56322"}],"wp:attachment":[{"href":"https:\/\/jugulajm.net\/index.php?rest_route=%2Fwp%2Fv2%2Fmedia&parent=57571"}],"wp:term":[{"taxonomy":"category","embeddable":true,"href":"https:\/\/jugulajm.net\/index.php?rest_route=%2Fwp%2Fv2%2Fcategories&post=57571"},{"taxonomy":"post_tag","embeddable":true,"href":"https:\/\/jugulajm.net\/index.php?rest_route=%2Fwp%2Fv2%2Ftags&post=57571"}],"curies":[{"name":"wp","href":"https:\/\/api.w.org\/{rel}","templated":true}]}}