{"id":57547,"date":"2023-03-30T11:00:29","date_gmt":"2023-03-30T09:00:29","guid":{"rendered":"https:\/\/jugulajm.net\/?p=57547"},"modified":"2023-05-31T09:42:32","modified_gmt":"2023-05-31T07:42:32","slug":"lajm-i-fundit-42-vjecari-tepelenas-godet-me-thike-bashkeshorten-dhe-me-pas-veten","status":"publish","type":"post","link":"https:\/\/jugulajm.net\/?p=57547","title":{"rendered":"LAJM I FUNDIT\/ 42-vje\u00e7ari tepelenas godet me thik\u00eb bashk\u00ebshorten dhe m\u00eb pas veten"},"content":{"rendered":"<p>Tepelen\u00eb\/Informacion paraprak<\/p>\n<p>Rreth or\u00ebs 09:40, n\u00eb lagjen &#8220;Selam Musai&#8221;, Tepelen\u00eb, dyshohet se pas nj\u00eb konflikti t\u00eb \u00e7astit, n\u00eb banes\u00eb, shtetasi L. N., 42 vje\u00e7, ka goditur me mjet prer\u00ebs (thik\u00eb), bashk\u00ebshorten e tij, shtetasen F. N., 40 vje\u00e7e, dhe m\u00eb pas \u00ebsht\u00eb vet\u00ebd\u00ebmtuar me mjet prer\u00ebs.<\/p>\n<p>T\u00eb dy k\u00ebta shtetas jan\u00eb transportuar n\u00eb spital dhe ndodhen n\u00ebn kujdesin e mjek\u00ebve.<\/p>\n<p>N\u00eb vendngjarje ndodhet grupi hetimor, i cili po punon p\u00ebr zbardhjen e plot\u00eb t\u00eb rrethanave ngjarjes.<\/p>\n","protected":false},"excerpt":{"rendered":"<p>Tepelen\u00eb\/Informacion paraprak Rreth or\u00ebs 09:40, n\u00eb lagjen &#8220;Selam Musai&#8221;, Tepelen\u00eb, dyshohet se pas nj\u00eb konflikti t\u00eb \u00e7astit, n\u00eb banes\u00eb, shtetasi L. N., 42 vje\u00e7, ka goditur me mjet prer\u00ebs (thik\u00eb), bashk\u00ebshorten e tij, shtetasen F. N., 40 vje\u00e7e, dhe m\u00eb pas \u00ebsht\u00eb vet\u00ebd\u00ebmtuar me mjet prer\u00ebs. T\u00eb dy k\u00ebta shtetas jan\u00eb transportuar n\u00eb spital dhe [&hellip;]<\/p>\n","protected":false},"author":5,"featured_media":51533,"comment_status":"closed","ping_status":"open","sticky":false,"template":"","format":"standard","meta":{"footnotes":""},"categories":[1,6332],"tags":[22573],"class_list":{"0":"post-57547","1":"post","2":"type-post","3":"status-publish","4":"format-standard","5":"has-post-thumbnail","7":"category-aktualitet","8":"category-te-fundit","9":"tag-lajm-i-fundit-42-vjecari-tepelenas-godet-me-thike-bashkeshorten-dhe-me-pas-veten"},"_links":{"self":[{"href":"https:\/\/jugulajm.net\/index.php?rest_route=\/wp\/v2\/posts\/57547","targetHints":{"allow":["GET"]}}],"collection":[{"href":"https:\/\/jugulajm.net\/index.php?rest_route=\/wp\/v2\/posts"}],"about":[{"href":"https:\/\/jugulajm.net\/index.php?rest_route=\/wp\/v2\/types\/post"}],"author":[{"embeddable":true,"href":"https:\/\/jugulajm.net\/index.php?rest_route=\/wp\/v2\/users\/5"}],"replies":[{"embeddable":true,"href":"https:\/\/jugulajm.net\/index.php?rest_route=%2Fwp%2Fv2%2Fcomments&post=57547"}],"version-history":[{"count":0,"href":"https:\/\/jugulajm.net\/index.php?rest_route=\/wp\/v2\/posts\/57547\/revisions"}],"wp:featuredmedia":[{"embeddable":true,"href":"https:\/\/jugulajm.net\/index.php?rest_route=\/wp\/v2\/media\/51533"}],"wp:attachment":[{"href":"https:\/\/jugulajm.net\/index.php?rest_route=%2Fwp%2Fv2%2Fmedia&parent=57547"}],"wp:term":[{"taxonomy":"category","embeddable":true,"href":"https:\/\/jugulajm.net\/index.php?rest_route=%2Fwp%2Fv2%2Fcategories&post=57547"},{"taxonomy":"post_tag","embeddable":true,"href":"https:\/\/jugulajm.net\/index.php?rest_route=%2Fwp%2Fv2%2Ftags&post=57547"}],"curies":[{"name":"wp","href":"https:\/\/api.w.org\/{rel}","templated":true}]}}