{"id":57474,"date":"2023-03-28T20:21:54","date_gmt":"2023-03-28T18:21:54","guid":{"rendered":"https:\/\/jugulajm.net\/?p=57474"},"modified":"2023-05-31T09:42:33","modified_gmt":"2023-05-31T07:42:33","slug":"greqi-arrestohen-dy-vellezer-shqiptare-u-kapen-me-10-kg-droge-ne-taksi","status":"publish","type":"post","link":"https:\/\/jugulajm.net\/?p=57474","title":{"rendered":"Greqi\/ Arrestohen dy v\u00ebllez\u00ebr shqiptar\u00eb, u kap\u00ebn me 10 kg drog\u00eb n\u00eb taksi"},"content":{"rendered":"<header>\n<div class=\"container main-header\"><\/div>\n<\/header>\n<p><main><\/p>\n<section class=\"readmore\">\n<div class=\"container\">\n<div class=\"row clear\">\n<div class=\"col-lg-8 col-md-8 col-sm-12 col-12\">\n<article class=\"readmore-view w-100 lazied\" data-lazied=\"IMG\">\n<div class=\"d-flex flex-column\">\n<div class=\"mobile-order-top\">\n<p>Dy v\u00ebllez\u00ebr shqiptar\u00eb, 29 dhe 34 vje\u00e7, jan\u00eb arrestuar nga policia greke me akuz\u00ebn p\u00ebr trafik droge.<\/p>\n<\/div>\n<\/div>\n<div class=\"readmore-box\">\n<div class=\"readmore-content\">\n<p>Arrestimi u b\u00eb gjat\u00eb nj\u00eb operacioni t\u00eb Prokuroris\u00eb s\u00eb Narkotik\u00ebve pran\u00eb Drejtoris\u00eb s\u00eb Sigurimit t\u00eb Atik\u00ebs, pasi si\u00e7 raportojn\u00eb mediat greke, dy v\u00ebllez\u00ebrve shqiptar\u00eb iu sekuestruan 10 kilogram\u00eb heroin\u00eb, shkruan Euronews Albania, transmeton Klanksova.tv.<\/p>\n<p>Droga trafikohej n\u00eb taksin\u00eb q\u00eb drejtohej nga 34-vje\u00e7ari.<\/p>\n<p>Gjithashtu jan\u00eb konfiskuar tri automjete, 190 euro, kat\u00ebr celular\u00eb, 15 pako najloni me heroin\u00eb me nj\u00eb pesh\u00eb 7762 gram si edhe pajisje elektronike ripaketim.<\/p>\n<p>Dy t\u00eb arrestuarit jan\u00eb d\u00ebrguar n\u00eb prokurorin\u00eb kompetente.<\/p>\n<\/div>\n<\/div>\n<\/article>\n<\/div>\n<\/div>\n<\/div>\n<\/section>\n<p><\/main><\/p>\n","protected":false},"excerpt":{"rendered":"<p>Dy v\u00ebllez\u00ebr shqiptar\u00eb, 29 dhe 34 vje\u00e7, jan\u00eb arrestuar nga policia greke me akuz\u00ebn p\u00ebr trafik droge. Arrestimi u b\u00eb gjat\u00eb nj\u00eb operacioni t\u00eb Prokuroris\u00eb s\u00eb Narkotik\u00ebve pran\u00eb Drejtoris\u00eb s\u00eb Sigurimit t\u00eb Atik\u00ebs, pasi si\u00e7 raportojn\u00eb mediat greke, dy v\u00ebllez\u00ebrve shqiptar\u00eb iu sekuestruan 10 kilogram\u00eb heroin\u00eb, shkruan Euronews Albania, transmeton Klanksova.tv. Droga trafikohej n\u00eb taksin\u00eb [&hellip;]<\/p>\n","protected":false},"author":5,"featured_media":57475,"comment_status":"closed","ping_status":"open","sticky":false,"template":"","format":"standard","meta":{"footnotes":""},"categories":[1,6332],"tags":[22547,22548],"class_list":{"0":"post-57474","1":"post","2":"type-post","3":"status-publish","4":"format-standard","5":"has-post-thumbnail","7":"category-aktualitet","8":"category-te-fundit","9":"tag-greqi-arrestohen-dy-vellezer-shqiptare","10":"tag-u-kapen-me-10-kg-droge-ne-taksi"},"_links":{"self":[{"href":"https:\/\/jugulajm.net\/index.php?rest_route=\/wp\/v2\/posts\/57474","targetHints":{"allow":["GET"]}}],"collection":[{"href":"https:\/\/jugulajm.net\/index.php?rest_route=\/wp\/v2\/posts"}],"about":[{"href":"https:\/\/jugulajm.net\/index.php?rest_route=\/wp\/v2\/types\/post"}],"author":[{"embeddable":true,"href":"https:\/\/jugulajm.net\/index.php?rest_route=\/wp\/v2\/users\/5"}],"replies":[{"embeddable":true,"href":"https:\/\/jugulajm.net\/index.php?rest_route=%2Fwp%2Fv2%2Fcomments&post=57474"}],"version-history":[{"count":0,"href":"https:\/\/jugulajm.net\/index.php?rest_route=\/wp\/v2\/posts\/57474\/revisions"}],"wp:featuredmedia":[{"embeddable":true,"href":"https:\/\/jugulajm.net\/index.php?rest_route=\/wp\/v2\/media\/57475"}],"wp:attachment":[{"href":"https:\/\/jugulajm.net\/index.php?rest_route=%2Fwp%2Fv2%2Fmedia&parent=57474"}],"wp:term":[{"taxonomy":"category","embeddable":true,"href":"https:\/\/jugulajm.net\/index.php?rest_route=%2Fwp%2Fv2%2Fcategories&post=57474"},{"taxonomy":"post_tag","embeddable":true,"href":"https:\/\/jugulajm.net\/index.php?rest_route=%2Fwp%2Fv2%2Ftags&post=57474"}],"curies":[{"name":"wp","href":"https:\/\/api.w.org\/{rel}","templated":true}]}}