{"id":57407,"date":"2023-03-27T10:34:23","date_gmt":"2023-03-27T08:34:23","guid":{"rendered":"https:\/\/jugulajm.net\/?p=57407"},"modified":"2023-05-31T09:42:35","modified_gmt":"2023-05-31T07:42:35","slug":"sulm-me-arme-ndaj-tv-top-channel-ne-mesnate-humb-jeten-roja","status":"publish","type":"post","link":"https:\/\/jugulajm.net\/?p=57407","title":{"rendered":"Sulm me arm\u00eb ndaj tv Top Channel n\u00eb mesnat\u00eb, humb jet\u00ebn roja"},"content":{"rendered":"<p>Rreth or\u00ebs 01:00, n\u00eb M\u00ebzes, n\u00eb rrethana ende t\u00eb paqarta, nga persona ende t\u00eb paidentifikuar, \u00ebsht\u00eb q\u00eblluar me arm\u00eb zjarri n\u00eb drejtim t\u00eb ambienteve t\u00eb Top Channel. Sulmi \u00ebsht\u00eb drejtuar tek hyrja kryesore e Top Channel e cila kufizohet me rrug\u00ebn.<\/p>\n<p>Si pasoj\u00eb e t\u00eb sht\u00ebnave ka humbur jet\u00ebn roja i siguris\u00eb shtetasi Pal Kola, 60 vje\u00e7, punonj\u00ebs i nj\u00eb shoq\u00ebrie p\u00ebr ruajtjen fizike t\u00eb objekteve. Nj\u00eb automjet \u00ebsht\u00eb gjetur nga policia duke u djegur n\u00eb autostrad\u00eb. Dyshohet se u perket autor\u00ebve.<\/p>\n<p><em>\u201c\u00cbsht\u00eb ngritur grupi hetimor dhe n\u00ebn drejtimin e Prokuroris\u00eb vijon puna intensive p\u00ebr zbardhjen e rrethanave t\u00eb ngjarjes, sekuestrimin e provave q\u00eb do t\u00eb sh\u00ebrbejn\u00eb p\u00ebr zbardhjen e ngjarjes, identifikimin dhe kapjen e autor\u00ebve.<\/em><\/p>\n<p><em>Sh\u00ebrbimet e Policis\u00eb kan\u00eb ngritur pikat e kontrolleve dhe vijon puna p\u00ebr identifikimin e kapjen e autor\u00ebve\u201d<\/em>\u00a0\u2013 thuhet ne njoftim.<\/p>\n","protected":false},"excerpt":{"rendered":"<p>Rreth or\u00ebs 01:00, n\u00eb M\u00ebzes, n\u00eb rrethana ende t\u00eb paqarta, nga persona ende t\u00eb paidentifikuar, \u00ebsht\u00eb q\u00eblluar me arm\u00eb zjarri n\u00eb drejtim t\u00eb ambienteve t\u00eb Top Channel. Sulmi \u00ebsht\u00eb drejtuar tek hyrja kryesore e Top Channel e cila kufizohet me rrug\u00ebn. Si pasoj\u00eb e t\u00eb sht\u00ebnave ka humbur jet\u00ebn roja i siguris\u00eb shtetasi Pal Kola, [&hellip;]<\/p>\n","protected":false},"author":5,"featured_media":57408,"comment_status":"closed","ping_status":"open","sticky":false,"template":"","format":"standard","meta":{"footnotes":""},"categories":[1,6332],"tags":[22516,22515],"class_list":{"0":"post-57407","1":"post","2":"type-post","3":"status-publish","4":"format-standard","5":"has-post-thumbnail","7":"category-aktualitet","8":"category-te-fundit","9":"tag-humb-jeten-roja","10":"tag-sulm-me-arme-ndaj-tv-top-channel-ne-mesnate"},"_links":{"self":[{"href":"https:\/\/jugulajm.net\/index.php?rest_route=\/wp\/v2\/posts\/57407","targetHints":{"allow":["GET"]}}],"collection":[{"href":"https:\/\/jugulajm.net\/index.php?rest_route=\/wp\/v2\/posts"}],"about":[{"href":"https:\/\/jugulajm.net\/index.php?rest_route=\/wp\/v2\/types\/post"}],"author":[{"embeddable":true,"href":"https:\/\/jugulajm.net\/index.php?rest_route=\/wp\/v2\/users\/5"}],"replies":[{"embeddable":true,"href":"https:\/\/jugulajm.net\/index.php?rest_route=%2Fwp%2Fv2%2Fcomments&post=57407"}],"version-history":[{"count":0,"href":"https:\/\/jugulajm.net\/index.php?rest_route=\/wp\/v2\/posts\/57407\/revisions"}],"wp:featuredmedia":[{"embeddable":true,"href":"https:\/\/jugulajm.net\/index.php?rest_route=\/wp\/v2\/media\/57408"}],"wp:attachment":[{"href":"https:\/\/jugulajm.net\/index.php?rest_route=%2Fwp%2Fv2%2Fmedia&parent=57407"}],"wp:term":[{"taxonomy":"category","embeddable":true,"href":"https:\/\/jugulajm.net\/index.php?rest_route=%2Fwp%2Fv2%2Fcategories&post=57407"},{"taxonomy":"post_tag","embeddable":true,"href":"https:\/\/jugulajm.net\/index.php?rest_route=%2Fwp%2Fv2%2Ftags&post=57407"}],"curies":[{"name":"wp","href":"https:\/\/api.w.org\/{rel}","templated":true}]}}