{"id":57299,"date":"2023-03-23T14:40:37","date_gmt":"2023-03-23T13:40:37","guid":{"rendered":"https:\/\/jugulajm.net\/?p=57299"},"modified":"2023-05-31T09:42:37","modified_gmt":"2023-05-31T07:42:37","slug":"mos-jemi-popull-qe-kemi-ikur-per-lesh-rakipi-pyet-fevziun-per-fenomenin-big-brother","status":"publish","type":"post","link":"https:\/\/jugulajm.net\/?p=57299","title":{"rendered":"\u201cMos jemi popull q\u00eb kemi ikur p\u00ebr lesh?\u201d, Rakipi pyet Fevziun p\u00ebr fenomenin &#8221;Big Brother&#8221;"},"content":{"rendered":"<p>Ylli Rakipi ka pyetur Blendi Fevziun lidhur me largimin masiv t\u00eb shqiptar\u00ebve dhe munges\u00ebn e jet\u00ebs kulturore n\u00eb Shqip\u00ebri.<\/p>\n<p>Gjat\u00eb intervist\u00ebs n\u00eb emisionin \u201cT\u00eb Paekspozuarit\u201d n\u00eb MCN TV, Fevziu e lidhi largimin e shqiptar\u00ebve me kushtet m\u00eb t\u00eb mira ekonomike q\u00eb u ofron Per\u00ebndimi.<\/p>\n<p>Lidhur me spektaklin Big Brother, q\u00eb ka \u201cmb\u00ebrthyer\u201d pas ekranit shum\u00eb shikues, Fevziu deklaroi se nuk ka shum\u00eb informacion p\u00ebr t\u00eb, pasi nuk e ka ndjekur, por shtoi se e sheh si nj\u00eb fenomen kalimtar dhe jo shqet\u00ebsues.<\/p>\n<p><strong>Pjes\u00eb nga biseda:<\/strong><\/p>\n<p>Ylli Rakipi: Shum\u00eb njer\u00ebz po ikin nga Shqip\u00ebria. Edi Rama tha se duhen ngritur pagat sepse rrezikojm\u00eb t\u00eb mbetemi pa punonj\u00ebs. Tani e ndjen.<\/p>\n<p>Blendi Fevziu: Mendoj se do t\u00eb ikin akoma edhe m\u00eb shum\u00eb.<\/p>\n<p>Ylli Rakipi: Pse mendoni se shqiptar\u00ebt po ikin nga vendi kaq masivisht edhe n\u00eb vitin 2023?<\/p>\n<p>Blendi Fevziu: K\u00ebto vitet e fundit ka masivitet m\u00eb t\u00eb madh t\u00eb ikjeve n\u00eb t\u00eb gjith\u00eb zon\u00ebn. E dyta, fataliteti m\u00eb i madh p\u00ebr ne \u00ebsht\u00eb q\u00eb po largohen njer\u00ebzit e shkolluar.<\/p>\n<p>Me kalimin e koh\u00ebs, rrogat kan\u00eb mbetur n\u00eb nivele t\u00eb ul\u00ebta. Oferta q\u00eb sjell Per\u00ebndimi \u00ebsht\u00eb shum\u00eb m\u00eb e r\u00ebnd\u00ebsishme se \u00e7far\u00ebdo oferte q\u00eb mund t\u00eb marr\u00ebsh n\u00eb Shqip\u00ebri.<\/p>\n<p>E treta, Evropa ka nevoj\u00eb p\u00ebr emigrant\u00ebt, por ata do t\u00eb preferonin nj\u00eb emigracion europian t\u00eb brendsh\u00ebm, pasi kulturalisht \u00ebsht\u00eb m\u00eb kollaj t\u00eb integrohen.<\/p>\n<p>N\u00eb 10-20 vitet e ardhshme numri i atyre q\u00eb do t\u00eb largohen do t\u00eb jet\u00eb akoma m\u00eb i madh.<\/p>\n<p>Ka munges\u00eb shprese, siguria \u00ebsht\u00eb shum\u00eb keq dhe e treta k\u00ebta njer\u00ebz duan t\u2019i rrisin f\u00ebmij\u00ebt n\u00eb vende t\u00eb zhvilluara.<\/p>\n<p>Ylli Rakipi: Jeta kulturore e Shqip\u00ebris\u00eb \u00ebsht\u00eb pothuajse e vdekur. Jemi zhytur n\u00eb nj\u00eb kot\u00ebsi t\u00eb jasht\u00ebzakonshme. T\u00eb mart\u00ebn dhe t\u00eb shtun\u00ebn, shkon ora 8, njer\u00ebzit jan\u00eb n\u00ebp\u00ebr sht\u00ebpi dhe kafene duke par\u00eb Big Brother. Ti nuk e ke par\u00eb at\u00eb, por fenomenin e p\u00ebrcjell.<\/p>\n<p>Blendi Fevziu: Nuk shoh zakonisht asnj\u00eb spektak\u00ebl, as me k\u00ebrcim, as n\u00eb TV t\u00eb tjera.<\/p>\n<p>Ylli Rakipi: T\u00eb pyes p\u00ebr nj\u00eb gj\u00eb q\u00eb ndihem i shqet\u00ebsuar p\u00ebr shoq\u00ebrin\u00eb ku jetojm\u00eb.<\/p>\n<p>Luizi ka marr\u00eb nj\u00eb t\u00eb dyt\u00ebn e shikimeve t\u00eb Joe Biden, kat\u00ebr miliard\u00eb e ca. Rama kishte 600 e ca milion\u00eb. Mos jemi nj\u00eb popull q\u00eb kemi ikur p\u00ebr lesh?<\/p>\n<p>Blendi Fevziu: K\u00ebshtu ka ndodhur edhe me popuj t\u00eb tjer\u00eb. E nj\u00ebjta gj\u00eb ka ndodhur edhe n\u00eb Greqi. Fenomene mediatike t\u00eb tilla ndodhin.<\/p>\n<p>Ylli Rakipi: Q\u00eb populli t\u00eb mb\u00ebrthehet i gjithi n\u00eb kot\u00ebsi?<\/p>\n<p>Blendi Fevziu: Para disa koh\u00ebsh nj\u00eb regjisori shqiptar i thash\u00eb, do t\u00eb iki t\u00eb shoh nj\u00eb ndeshje futbolli. Ai u transformua dhe tha, si do t\u00eb shkosh t\u00eb shoh\u00ebsh 20 budallenj q\u00eb luajn\u00eb? Un\u00eb i thash\u00eb e shoh futbollin e kam pasion. Varet nga gjykimi. Problemi \u00ebsht\u00eb n\u00ebse shoq\u00ebria e zgjat m\u00eb shum\u00eb, por ka fenomene t\u00eb tilla n\u00eb shoq\u00ebri.<\/p>\n<p>Ne kemi patur defektet tona si shoq\u00ebri. Pse komunizmi n\u00eb Shqip\u00ebri ishte m\u00eb i eg\u00ebr se \u00e7do vend? Pse Shqip\u00ebria ishte vendi i fundit q\u00eb u shk\u00ebput nga Perandoria Otomane?<\/p>\n","protected":false},"excerpt":{"rendered":"<p>Ylli Rakipi ka pyetur Blendi Fevziun lidhur me largimin masiv t\u00eb shqiptar\u00ebve dhe munges\u00ebn e jet\u00ebs kulturore n\u00eb Shqip\u00ebri. Gjat\u00eb intervist\u00ebs n\u00eb emisionin \u201cT\u00eb Paekspozuarit\u201d n\u00eb MCN TV, Fevziu e lidhi largimin e shqiptar\u00ebve me kushtet m\u00eb t\u00eb mira ekonomike q\u00eb u ofron Per\u00ebndimi. Lidhur me spektaklin Big Brother, q\u00eb ka \u201cmb\u00ebrthyer\u201d pas ekranit shum\u00eb [&hellip;]<\/p>\n","protected":false},"author":5,"featured_media":57300,"comment_status":"closed","ping_status":"open","sticky":false,"template":"","format":"standard","meta":{"footnotes":""},"categories":[1,6332],"tags":[22460,22461],"class_list":{"0":"post-57299","1":"post","2":"type-post","3":"status-publish","4":"format-standard","5":"has-post-thumbnail","7":"category-aktualitet","8":"category-te-fundit","9":"tag-mos-jemi-popull-qe-kemi-ikur-per-lesh","10":"tag-rakipi-pyet-fevziun-per-fenomenin-big-brother"},"_links":{"self":[{"href":"https:\/\/jugulajm.net\/index.php?rest_route=\/wp\/v2\/posts\/57299","targetHints":{"allow":["GET"]}}],"collection":[{"href":"https:\/\/jugulajm.net\/index.php?rest_route=\/wp\/v2\/posts"}],"about":[{"href":"https:\/\/jugulajm.net\/index.php?rest_route=\/wp\/v2\/types\/post"}],"author":[{"embeddable":true,"href":"https:\/\/jugulajm.net\/index.php?rest_route=\/wp\/v2\/users\/5"}],"replies":[{"embeddable":true,"href":"https:\/\/jugulajm.net\/index.php?rest_route=%2Fwp%2Fv2%2Fcomments&post=57299"}],"version-history":[{"count":0,"href":"https:\/\/jugulajm.net\/index.php?rest_route=\/wp\/v2\/posts\/57299\/revisions"}],"wp:featuredmedia":[{"embeddable":true,"href":"https:\/\/jugulajm.net\/index.php?rest_route=\/wp\/v2\/media\/57300"}],"wp:attachment":[{"href":"https:\/\/jugulajm.net\/index.php?rest_route=%2Fwp%2Fv2%2Fmedia&parent=57299"}],"wp:term":[{"taxonomy":"category","embeddable":true,"href":"https:\/\/jugulajm.net\/index.php?rest_route=%2Fwp%2Fv2%2Fcategories&post=57299"},{"taxonomy":"post_tag","embeddable":true,"href":"https:\/\/jugulajm.net\/index.php?rest_route=%2Fwp%2Fv2%2Ftags&post=57299"}],"curies":[{"name":"wp","href":"https:\/\/api.w.org\/{rel}","templated":true}]}}