{"id":57272,"date":"2023-03-22T17:25:39","date_gmt":"2023-03-22T16:25:39","guid":{"rendered":"https:\/\/jugulajm.net\/?p=57272"},"modified":"2023-05-31T09:42:37","modified_gmt":"2023-05-31T07:42:37","slug":"emri-23-vjecari-dhunon-shefin-e-europol-tirana-pasi-e-parakaloi-me-makine","status":"publish","type":"post","link":"https:\/\/jugulajm.net\/?p=57272","title":{"rendered":"EMRI\/ 23-vje\u00e7ari dhunon shefin e EUROPOL Tirana, pasi e parakaloi me makin\u00eb"},"content":{"rendered":"<p style=\"font-weight: 400;\">Nj\u00eb 23-vje\u00e7ar i identifikuar si Klesti Qordja, \u00ebsht\u00eb v\u00ebn\u00eb n\u00ebn hetim nga Prokuroria e Tiran\u00ebs, pasi ka dhunuar drejtorin e Europol Tirana, Artan Bajraktari.<\/p>\n<p style=\"font-weight: 400;\">Tv Klan raporton se ngjarja \u00ebsht\u00eb regjistruar n\u00eb fillim t\u00eb muajit shkurt. Sipas dosjes, Bajraktari po l\u00ebvizte me makin\u00eb n\u00eb zon\u00ebn e Laprak\u00ebs, kur 23-vje\u00e7ari Qordja, i acaruar se ishte parakaluar, i ka k\u00ebrkuar t\u00eb ndaloj\u00eb.<\/p>\n<p style=\"font-weight: 400;\">Pas k\u00ebtij momenti t\u00eb dy kan\u00eb zbritur nga mjetet p\u00ebrkat\u00ebse dhe Klesti Qordja e ka goditur at\u00eb me grushte, edhe pse ishte paralajm\u00ebruar nga Bajraktari se ai ishte pjes\u00eb e Policis\u00eb s\u00eb Shtetit.<\/p>\n<p style=\"font-weight: 400;\">I riu \u00ebsht\u00eb ndaluar m\u00eb von\u00eb nga policia dhe ka pranuar autor\u00ebsin\u00eb e ngjarjes. Ai ka th\u00ebn\u00eb se donte ta pyeste se cila ishte arsyeja q\u00eb e kishte parakaluar. Nd\u00ebrsa p\u00ebr dhun\u00ebn e ushtruar, 23-vje\u00e7ari Qordja pretendon se ishte p\u00ebr vet\u00ebmbrojtje, pasi shefi i Europol i kishte v\u00ebn\u00eb dor\u00ebn n\u00eb qaf\u00eb.<\/p>\n<p style=\"font-weight: 400;\">Prokurorja Mirela Zavalani ka ngritur ndaj t\u00eb riut akuz\u00ebn e plagosjes s\u00eb leht\u00eb me dashje.<\/p>\n","protected":false},"excerpt":{"rendered":"<p>Nj\u00eb 23-vje\u00e7ar i identifikuar si Klesti Qordja, \u00ebsht\u00eb v\u00ebn\u00eb n\u00ebn hetim nga Prokuroria e Tiran\u00ebs, pasi ka dhunuar drejtorin e Europol Tirana, Artan Bajraktari. Tv Klan raporton se ngjarja \u00ebsht\u00eb regjistruar n\u00eb fillim t\u00eb muajit shkurt. Sipas dosjes, Bajraktari po l\u00ebvizte me makin\u00eb n\u00eb zon\u00ebn e Laprak\u00ebs, kur 23-vje\u00e7ari Qordja, i acaruar se ishte parakaluar, [&hellip;]<\/p>\n","protected":false},"author":5,"featured_media":57273,"comment_status":"closed","ping_status":"open","sticky":false,"template":"","format":"standard","meta":{"footnotes":""},"categories":[1,6332],"tags":[22448],"class_list":{"0":"post-57272","1":"post","2":"type-post","3":"status-publish","4":"format-standard","5":"has-post-thumbnail","7":"category-aktualitet","8":"category-te-fundit","9":"tag-emri-23-vjecari-dhunon-shefin-e-europol-tirana-pasi-e-parakaloi-me-makine"},"_links":{"self":[{"href":"https:\/\/jugulajm.net\/index.php?rest_route=\/wp\/v2\/posts\/57272","targetHints":{"allow":["GET"]}}],"collection":[{"href":"https:\/\/jugulajm.net\/index.php?rest_route=\/wp\/v2\/posts"}],"about":[{"href":"https:\/\/jugulajm.net\/index.php?rest_route=\/wp\/v2\/types\/post"}],"author":[{"embeddable":true,"href":"https:\/\/jugulajm.net\/index.php?rest_route=\/wp\/v2\/users\/5"}],"replies":[{"embeddable":true,"href":"https:\/\/jugulajm.net\/index.php?rest_route=%2Fwp%2Fv2%2Fcomments&post=57272"}],"version-history":[{"count":0,"href":"https:\/\/jugulajm.net\/index.php?rest_route=\/wp\/v2\/posts\/57272\/revisions"}],"wp:featuredmedia":[{"embeddable":true,"href":"https:\/\/jugulajm.net\/index.php?rest_route=\/wp\/v2\/media\/57273"}],"wp:attachment":[{"href":"https:\/\/jugulajm.net\/index.php?rest_route=%2Fwp%2Fv2%2Fmedia&parent=57272"}],"wp:term":[{"taxonomy":"category","embeddable":true,"href":"https:\/\/jugulajm.net\/index.php?rest_route=%2Fwp%2Fv2%2Fcategories&post=57272"},{"taxonomy":"post_tag","embeddable":true,"href":"https:\/\/jugulajm.net\/index.php?rest_route=%2Fwp%2Fv2%2Ftags&post=57272"}],"curies":[{"name":"wp","href":"https:\/\/api.w.org\/{rel}","templated":true}]}}