{"id":57258,"date":"2023-03-22T11:44:32","date_gmt":"2023-03-22T10:44:32","guid":{"rendered":"https:\/\/jugulajm.net\/?p=57258"},"modified":"2023-05-31T09:42:37","modified_gmt":"2023-05-31T07:42:37","slug":"atentati-te-don-bosko-vocaj-ka-persona-te-dyshuar-per-ngjarjen-nuk-i-bejme-publik-per-shkak-te-sekretit-hetimor","status":"publish","type":"post","link":"https:\/\/jugulajm.net\/?p=57258","title":{"rendered":"Atentati te &#8220;Don Bosko&#8221;\/  Vocaj: Ka persona t\u00eb dyshuar p\u00ebr ngjarjen, nuk i b\u00ebjm\u00eb publik p\u00ebr shkak t\u00eb sekretit hetimor"},"content":{"rendered":"<p>Drejtori i policis\u00eb s\u00eb Tiran\u00ebs Tonin Vocaj n\u00eb nj\u00eb dalje p\u00ebr medait, njoftoi p\u00ebr shkat\u00ebrrimin e dy grupeve kriminale n\u00eb tiran\u00eb, q\u00eb shp\u00ebrndanin drog\u00eb n\u00eb af\u00ebrsi t\u00eb shkollave dhe lokale t\u00eb nates.<\/p>\n<p>Sakaq i pyetur p\u00ebr ngjarjen e 12 marsit te nj\u00eb lokal n\u00eb Don Bosko ku humbi jet\u00ebnn Mimoza Paja dhe u plagos\u00ebn 6 t\u00eb tjer\u00eb Tonin Vocaj tha se policia po heton intensivisht dhe madje ka persona konkret t\u00eb dyshuar p\u00ebr ngjarjen e r\u00ebnd\u00eb.<\/p>\n<p>Por p\u00ebr shkak t\u00eb sekretit hetimor nuk mund t\u00eb ndahen me publikun aktualisht.<\/p>\n<p>Kryeqyteti u trondit me 12 mars nga nj\u00eb atentat me arm\u00eb zjarri n\u00eb lokalin n\u00eb Don Bosko, ku si pasoj\u00eb e t\u00eb sht\u00ebnave humbin jet\u00ebn Paja dhe u plagos\u00ebn 6 t\u00eb tjer\u00eb, mes tyre dhe nj\u00eb 10-vje\u00e7are e cila mbeti e l\u00ebnduar nga xhamat e thyer.<\/p>\n<p>Konkretisht t\u00eb plagosur mbet\u00ebn Sahit Murati 50 vje\u00e7, Astrit Mera 42 vje\u00e7, Emanuel Sala 47 vje\u00e7, Ermir Bejuku 45 vje\u00e7 dhe Genc Shohalli, 55 vje\u00e7.<\/p>\n<p>Sahit Murati \u00ebsht\u00eb xhaxhai i Fation Muratit, pronari i lokalit ku ndodhi ngjarja.<\/p>\n<p>Fation Murati me precedent penal\u00eb, ndodhej n\u00eb mas\u00ebn arrest sht\u00ebpie, por q\u00eb dyshohet se ishte larguar pak dit\u00eb m\u00eb par\u00eb nga Shqip\u00ebria.<\/p>\n","protected":false},"excerpt":{"rendered":"<p>Drejtori i policis\u00eb s\u00eb Tiran\u00ebs Tonin Vocaj n\u00eb nj\u00eb dalje p\u00ebr medait, njoftoi p\u00ebr shkat\u00ebrrimin e dy grupeve kriminale n\u00eb tiran\u00eb, q\u00eb shp\u00ebrndanin drog\u00eb n\u00eb af\u00ebrsi t\u00eb shkollave dhe lokale t\u00eb nates. Sakaq i pyetur p\u00ebr ngjarjen e 12 marsit te nj\u00eb lokal n\u00eb Don Bosko ku humbi jet\u00ebnn Mimoza Paja dhe u plagos\u00ebn 6 [&hellip;]<\/p>\n","protected":false},"author":5,"featured_media":57259,"comment_status":"closed","ping_status":"open","sticky":false,"template":"","format":"standard","meta":{"footnotes":""},"categories":[1,6332],"tags":[22441,22442],"class_list":{"0":"post-57258","1":"post","2":"type-post","3":"status-publish","4":"format-standard","5":"has-post-thumbnail","7":"category-aktualitet","8":"category-te-fundit","9":"tag-atentati-te-don-bosko-vocaj-ka-persona-te-dyshuar-per-ngjarjen","10":"tag-nuk-i-bejme-publik-per-shkak-te-sekretit-hetimor"},"_links":{"self":[{"href":"https:\/\/jugulajm.net\/index.php?rest_route=\/wp\/v2\/posts\/57258","targetHints":{"allow":["GET"]}}],"collection":[{"href":"https:\/\/jugulajm.net\/index.php?rest_route=\/wp\/v2\/posts"}],"about":[{"href":"https:\/\/jugulajm.net\/index.php?rest_route=\/wp\/v2\/types\/post"}],"author":[{"embeddable":true,"href":"https:\/\/jugulajm.net\/index.php?rest_route=\/wp\/v2\/users\/5"}],"replies":[{"embeddable":true,"href":"https:\/\/jugulajm.net\/index.php?rest_route=%2Fwp%2Fv2%2Fcomments&post=57258"}],"version-history":[{"count":0,"href":"https:\/\/jugulajm.net\/index.php?rest_route=\/wp\/v2\/posts\/57258\/revisions"}],"wp:featuredmedia":[{"embeddable":true,"href":"https:\/\/jugulajm.net\/index.php?rest_route=\/wp\/v2\/media\/57259"}],"wp:attachment":[{"href":"https:\/\/jugulajm.net\/index.php?rest_route=%2Fwp%2Fv2%2Fmedia&parent=57258"}],"wp:term":[{"taxonomy":"category","embeddable":true,"href":"https:\/\/jugulajm.net\/index.php?rest_route=%2Fwp%2Fv2%2Fcategories&post=57258"},{"taxonomy":"post_tag","embeddable":true,"href":"https:\/\/jugulajm.net\/index.php?rest_route=%2Fwp%2Fv2%2Ftags&post=57258"}],"curies":[{"name":"wp","href":"https:\/\/api.w.org\/{rel}","templated":true}]}}