{"id":57247,"date":"2023-03-21T16:50:34","date_gmt":"2023-03-21T15:50:34","guid":{"rendered":"https:\/\/jugulajm.net\/?p=57247"},"modified":"2023-05-31T09:42:38","modified_gmt":"2023-05-31T07:42:38","slug":"forcat-speciale-gjermane-kapin-shqiptarin-me-30-kg-droge-ne-makine","status":"publish","type":"post","link":"https:\/\/jugulajm.net\/?p=57247","title":{"rendered":"Forcat speciale gjermane kapin shqiptarin me 30 kg drog\u00eb n\u00eb makin\u00eb"},"content":{"rendered":"<p>Nj\u00eb operacion si n\u00eb nj\u00eb film aksion p\u00ebr arrestimin e nj\u00eb shqiptari n\u00eb Gjermani! Nj\u00eb nj\u00ebsi speciale e policis\u00eb s\u00eb Saarland-it n\u00eb Gjermani t\u00ebrhoqi zvarr\u00eb nj\u00eb shp\u00ebrndar\u00ebs droge nga makina e tij n\u00eb mes t\u00eb qytetit.<\/p>\n<p>Nj\u00eb automjet civil nga Task Forca Mobile (MEK) frenoi Audi-n e t\u00eb dyshuarit, nj\u00eb tjet\u00ebr automjet policie u ndal menj\u00ebher\u00eb pran\u00eb tij dhe nj\u00eb i tret\u00eb pas.<\/p>\n<p>Kur makina e autorit u rrethua, oficer\u00eb civil\u00eb t\u00eb armatosur dhe pjes\u00ebrisht t\u00eb maskuar u hodh\u00ebn nga automjetet e tyre dhe e nxor\u00ebn t\u00eb dyshuarin nga makina e tij me targa t\u00eb qarkut V\u00f6lklingen. Kat\u00ebr oficer\u00eb e ruajt\u00ebn, e nxor\u00ebn n\u00eb rrug\u00eb dhe e prangos\u00ebn.<\/p>\n<p>Z\u00ebdh\u00ebn\u00ebsi i policis\u00eb Stephan La\u00dfotta tha p\u00ebr BILD se ishte arrestuar nj\u00eb shqiptar gjat\u00eb operacionit dhe ishin sekuestruar gjithsej 30 kilogram\u00eb drog\u00eb. Nj\u00eb pjes\u00eb e drog\u00ebs u gjet n\u00eb automjetin e burrit. Pjesa tjet\u00ebr e gjet gjat\u00eb kontrollit t\u00eb banes\u00ebs s\u00eb tij private. Shqiptari u d\u00ebrgua n\u00eb paraburgim n\u00eb burgun e Lerchesflur. Hetimi p\u00ebr k\u00ebt\u00eb \u00e7\u00ebshtje sipas policis\u00eb \u00ebsht\u00eb ende n\u00eb vazhdim.<\/p>\n","protected":false},"excerpt":{"rendered":"<p>Nj\u00eb operacion si n\u00eb nj\u00eb film aksion p\u00ebr arrestimin e nj\u00eb shqiptari n\u00eb Gjermani! Nj\u00eb nj\u00ebsi speciale e policis\u00eb s\u00eb Saarland-it n\u00eb Gjermani t\u00ebrhoqi zvarr\u00eb nj\u00eb shp\u00ebrndar\u00ebs droge nga makina e tij n\u00eb mes t\u00eb qytetit. Nj\u00eb automjet civil nga Task Forca Mobile (MEK) frenoi Audi-n e t\u00eb dyshuarit, nj\u00eb tjet\u00ebr automjet policie u ndal [&hellip;]<\/p>\n","protected":false},"author":5,"featured_media":57248,"comment_status":"closed","ping_status":"open","sticky":false,"template":"","format":"standard","meta":{"footnotes":""},"categories":[1,7664,6332],"tags":[22439],"class_list":{"0":"post-57247","1":"post","2":"type-post","3":"status-publish","4":"format-standard","5":"has-post-thumbnail","7":"category-aktualitet","8":"category-bota","9":"category-te-fundit","10":"tag-forcat-speciale-gjermane-kapin-shqiptarin-me-30-kg-droge-ne-makine"},"_links":{"self":[{"href":"https:\/\/jugulajm.net\/index.php?rest_route=\/wp\/v2\/posts\/57247","targetHints":{"allow":["GET"]}}],"collection":[{"href":"https:\/\/jugulajm.net\/index.php?rest_route=\/wp\/v2\/posts"}],"about":[{"href":"https:\/\/jugulajm.net\/index.php?rest_route=\/wp\/v2\/types\/post"}],"author":[{"embeddable":true,"href":"https:\/\/jugulajm.net\/index.php?rest_route=\/wp\/v2\/users\/5"}],"replies":[{"embeddable":true,"href":"https:\/\/jugulajm.net\/index.php?rest_route=%2Fwp%2Fv2%2Fcomments&post=57247"}],"version-history":[{"count":0,"href":"https:\/\/jugulajm.net\/index.php?rest_route=\/wp\/v2\/posts\/57247\/revisions"}],"wp:featuredmedia":[{"embeddable":true,"href":"https:\/\/jugulajm.net\/index.php?rest_route=\/wp\/v2\/media\/57248"}],"wp:attachment":[{"href":"https:\/\/jugulajm.net\/index.php?rest_route=%2Fwp%2Fv2%2Fmedia&parent=57247"}],"wp:term":[{"taxonomy":"category","embeddable":true,"href":"https:\/\/jugulajm.net\/index.php?rest_route=%2Fwp%2Fv2%2Fcategories&post=57247"},{"taxonomy":"post_tag","embeddable":true,"href":"https:\/\/jugulajm.net\/index.php?rest_route=%2Fwp%2Fv2%2Ftags&post=57247"}],"curies":[{"name":"wp","href":"https:\/\/api.w.org\/{rel}","templated":true}]}}