{"id":57240,"date":"2023-03-21T12:53:50","date_gmt":"2023-03-21T11:53:50","guid":{"rendered":"https:\/\/jugulajm.net\/?p=57240"},"modified":"2023-05-31T09:42:38","modified_gmt":"2023-05-31T07:42:38","slug":"video-emri-digjet-banesa-ne-zinxhira-te-gjirokastres-ja-e-kujt-i-perkiste","status":"publish","type":"post","link":"https:\/\/jugulajm.net\/?p=57240","title":{"rendered":"(VIDEO) EMRI\/ Digjet banesa n\u00eb &#8221;Zinxhira&#8221; t\u00eb Gjirokastr\u00ebs, ja e kujt i p\u00ebrkiste&#8230;"},"content":{"rendered":"<p>Banesa e nje familjeje te komunitetit rom me origjine nga Elbasani ne lagjen &#8220;Zinxhira&#8221; te Gjirokastres eshte perfshire nga flaket ne rrethana ende te paqarta.<\/p>\n<p>Flaket kane perfshire banesen e Marinar Zenellarit dhe Matilda Nuredinit.<\/p>\n<p>Aentaret e familjes ne kohen e renies se zjarrit nuk ndodheshin ne banese, por ishin nisur per Tirane per te marr\u00eb mall qe ta tregtojne mepas ne tregun industrial ne Gjirokaster.<\/p>\n<p>Sipas te dhenave, ka qene babai i vajzes qe ka pare zjarrin dhe ka shkuar te therrase zjarrfiksen e cila per shkak te terrenit ka hasur veshtiresi, ndersa gjithcka eshte shkrumbuar.<\/p>\n<p>Prinderit e Matilda Nuredinit kane treguar per momentet e para kur pane zjarrin te friksuar.<\/p>\n<p>Kjo familje ka 5 femije te cilet po strehoen tek gjyshja e tyre ne nje barake.<\/p>\n<p>Ndersa nga ana e autoriteteve vendore nuk ka shkuar askush per ta pare gjendjen.<\/p>\n","protected":false},"excerpt":{"rendered":"<p>Banesa e nje familjeje te komunitetit rom me origjine nga Elbasani ne lagjen &#8220;Zinxhira&#8221; te Gjirokastres eshte perfshire nga flaket ne rrethana ende te paqarta. Flaket kane perfshire banesen e Marinar Zenellarit dhe Matilda Nuredinit. Aentaret e familjes ne kohen e renies se zjarrit nuk ndodheshin ne banese, por ishin nisur per Tirane per te [&hellip;]<\/p>\n","protected":false},"author":5,"featured_media":57241,"comment_status":"closed","ping_status":"open","sticky":false,"template":"","format":"video","meta":{"footnotes":""},"categories":[1,6332],"tags":[22433,22434],"class_list":{"0":"post-57240","1":"post","2":"type-post","3":"status-publish","4":"format-video","5":"has-post-thumbnail","7":"category-aktualitet","8":"category-te-fundit","9":"tag-video-emri-digjet-banesa-ne-zinxhira-te-gjirokastres","10":"tag-ja-e-kujt-i-perkiste","11":"post_format-post-format-video"},"_links":{"self":[{"href":"https:\/\/jugulajm.net\/index.php?rest_route=\/wp\/v2\/posts\/57240","targetHints":{"allow":["GET"]}}],"collection":[{"href":"https:\/\/jugulajm.net\/index.php?rest_route=\/wp\/v2\/posts"}],"about":[{"href":"https:\/\/jugulajm.net\/index.php?rest_route=\/wp\/v2\/types\/post"}],"author":[{"embeddable":true,"href":"https:\/\/jugulajm.net\/index.php?rest_route=\/wp\/v2\/users\/5"}],"replies":[{"embeddable":true,"href":"https:\/\/jugulajm.net\/index.php?rest_route=%2Fwp%2Fv2%2Fcomments&post=57240"}],"version-history":[{"count":0,"href":"https:\/\/jugulajm.net\/index.php?rest_route=\/wp\/v2\/posts\/57240\/revisions"}],"wp:featuredmedia":[{"embeddable":true,"href":"https:\/\/jugulajm.net\/index.php?rest_route=\/wp\/v2\/media\/57241"}],"wp:attachment":[{"href":"https:\/\/jugulajm.net\/index.php?rest_route=%2Fwp%2Fv2%2Fmedia&parent=57240"}],"wp:term":[{"taxonomy":"category","embeddable":true,"href":"https:\/\/jugulajm.net\/index.php?rest_route=%2Fwp%2Fv2%2Fcategories&post=57240"},{"taxonomy":"post_tag","embeddable":true,"href":"https:\/\/jugulajm.net\/index.php?rest_route=%2Fwp%2Fv2%2Ftags&post=57240"}],"curies":[{"name":"wp","href":"https:\/\/api.w.org\/{rel}","templated":true}]}}