{"id":57220,"date":"2023-03-20T17:36:32","date_gmt":"2023-03-20T16:36:32","guid":{"rendered":"https:\/\/jugulajm.net\/?p=57220"},"modified":"2023-05-31T09:42:38","modified_gmt":"2023-05-31T07:42:38","slug":"emrat-rama-heq-disa-kryebashkiake-ja-lista-e-kandidateve-te-ps-se-per-12-qarqet-ne-zgjedhjet-lokale","status":"publish","type":"post","link":"https:\/\/jugulajm.net\/?p=57220","title":{"rendered":"EMRAT\/ Rama heq disa kryebashkiak\u00eb, ja lista e kandidat\u00ebve t\u00eb PS-s\u00eb p\u00ebr 12 qarqet n\u00eb zgjedhjet lokale"},"content":{"rendered":"<p><em>Nga 60 kryetar\u00eb aktual t\u00eb bashkive, vet\u00ebm tet\u00eb prej tyre nuk do t\u00eb jen\u00eb pjes\u00eb e gar\u00ebs n\u00eb 14 maj. Kryesia e Partis\u00eb Socialiste do t\u00eb mblidhet n\u00eb afatet fundore p\u00ebr t\u00eb miratuar list\u00ebn, teksa dy deputet\u00eb pritet t\u00eb l\u00ebn\u00eb edhe mandatet.<\/em><\/p>\n<p>Partia Socialiste ka b\u00ebr\u00eb disa pastrime lidhur me kandidat\u00ebt p\u00ebr zgjedhjet vendore t\u00eb 14 majit.<\/p>\n<p>Kryeministri Edi Rama nj\u00ebherazi edhe kreu i Partis\u00eb Socialiste do t\u00eb hyj\u00eb n\u00eb gar\u00eb kryesisht me kryebashkiak\u00ebt aktual\u00eb, duke mos rifutur n\u00eb gar\u00eb vet\u00ebm tet\u00eb prej tyre.<\/p>\n<p>N\u00eb Vlor\u00eb duket se nuk do t\u00eb jet\u00eb m\u00eb Dritan Leli, e p\u00ebr k\u00ebt\u00eb \u00ebsht\u00eb propozuar emri i Ermal Dredh\u00ebs.<\/p>\n<p>N\u00eb bashkin\u00eb e Gramshit emri i ri q\u00eb do t\u00eb hyj\u00eb n\u00eb gar\u00eb \u00ebsht\u00eb Besjan Ajazi, deputeti aktual n\u00eb parlament.<\/p>\n<p>N\u00eb Peqin Bukurosh Maci, nd\u00ebrsa n\u00eb Librazhd, po diskutohet mes Mariglen Dishajt dhe Ermal Kurtit.<\/p>\n<p>Nj\u00eb deputet tjet\u00ebr q\u00eb do t\u00eb l\u00ebr\u00eb mandatin p\u00ebr bashkin\u00eb e Shkodr\u00ebs \u00ebsht\u00eb Benet Beci.<\/p>\n<p>N\u00eb Gjirokast\u00ebr emri i ri i p\u00ebrket Libohov\u00ebs, ku do t\u00eb kandidoj\u00eb Leonard Hida.<\/p>\n<p>Halit Muja do t\u00eb jet\u00eb emri i ri p\u00ebr bashkin\u00eb e Hasit, nd\u00ebrsa n\u00eb Selenic\u00eb Dhimit\u00ebr Kapaj.<\/p>\n<p>Duket se Qerim Ismaili do t\u00eb kandidoj\u00eb s\u00ebrish p\u00ebr bashkin\u00eb e Mallakstr\u00ebs edhe pse u d\u00ebnua m\u00eb par\u00eb nga Gjykata Speciale e Antikorrupsionit me 6 muaj burgim i konvertuar n\u00eb 40 dit\u00eb n\u00eb sh\u00ebrbim t\u00eb komunitetit.<\/p>\n<p>Megjithat\u00eb lista p\u00ebrfundimtare do t\u00eb ridiskutohet n\u00eb dat\u00ebn 25 mars n\u00eb kryesin\u00eb socialiste, p\u00ebr t\u00eb marr\u00eb m\u00eb pas edhe firm\u00ebn p\u00ebrfundimtare.<\/p>\n<p><strong>QARKU TIRAN\u00cb<\/strong><\/p>\n<p>Bashkia Tiran\u00eb &#8211; Erion Veliaj<\/p>\n<p>Bashkia Kam\u00ebz &#8211; Rakip Suli<\/p>\n<p>Bashkia Kavaj\u00eb &#8211; Redjan Krali<\/p>\n<p>Bashkia Vor\u00eb &#8211; Blerim Shera<\/p>\n<p>Bashkia Rrogozhin\u00eb &#8211; Edison Memolla<\/p>\n<p><strong>QARKU SHKOD\u00cbR<\/strong><\/p>\n<p>Bashkia Shkod\u00ebr\u00a0 &#8211; Benet Beci<\/p>\n<p>Bashkia Fush\u00eb-Arr\u00ebz &#8211; Franc Tuci<\/p>\n<p>Mal\u00ebsi e Madhe &#8211; Tonin Marinaj<\/p>\n<p>Bashkia Puk\u00eb &#8211; Gjon Gjonaj<\/p>\n<p>Bashkia Vau i Dej\u00ebs \u2013 Kristjan Shkreli<\/p>\n<p><strong>QARKU KUK\u00cbS<\/strong><\/p>\n<p>Bashkia Has &#8211;\u00a0 Halit Mulaj<\/p>\n<p>Bashkia Kuk\u00ebs &#8211; Safet Gjici<\/p>\n<p>Bashkia Tropoj\u00eb &#8211; Rexhe Byberi<\/p>\n<p><strong>QARKU LEZH\u00cb<\/strong><\/p>\n<p>Bashkia Kurbin\u00a0 &#8211; Majlinda Cara<\/p>\n<p>Bashkia Lezh\u00eb &#8211; Pjerin Ndreu<\/p>\n<p>Bashkia Mirdit\u00eb &#8211; Nrec Deda<\/p>\n<p><strong>QARKU BERAT<\/strong><\/p>\n<p>Bashkia Berat &#8211; Ervin Demo<\/p>\n<p>Bashkia Ku\u00e7ov\u00eb \u2013 E pap\u00ebrcaktuar, priten ndryshime<\/p>\n<p>Bashkia Poli\u00e7an &#8211; Adriatik Zotkaj<\/p>\n<p>Bashkia Skrapar &#8211; Adriatik Mema<\/p>\n<p>Bashkia Ura Vajgurore &#8211; E pap\u00ebrcaktuar, priten ndryshime<\/p>\n<p><strong>QARKU DIB\u00cbR<\/strong><\/p>\n<p>Bashkia Bulqiz\u00eb \u2013 E pap\u00ebrcaktuar<\/p>\n<p>Bashkia Peshkopi \u2013 Rrahim Spahiu<\/p>\n<p>Bashkia Klos &#8211; Ilmi Hoxha<\/p>\n<p>Bashkia Mat &#8211; Agron Malaj<\/p>\n<p><strong>QARKU VLOR\u00cb<\/strong><\/p>\n<p>Bashkia Vlor\u00eb \u2013\u00a0 Ermal Dredha<\/p>\n<p>Bashkia Selenic\u00eb &#8211; Dhimo<\/p>\n<p>Bashkia Delvin\u00eb &#8211; Majilinda Qilimi<\/p>\n<p>Bashkia Finiq &#8211; Kristo Ki\u00e7o<\/p>\n<p>Bashkia Himar\u00eb &#8211; Jorgo Goro, n\u00eb pik\u00ebpyetje<\/p>\n<p>Bashkia Konispol &#8211; Erges Dule<\/p>\n<p>Bashkia Sarand\u00eb &#8211; Olti Caci<\/p>\n<p><strong>QARKU ELBASAN<\/strong><\/p>\n<p>Bashkia Elbasan- Gledian Llatja<\/p>\n<p>Bashkia Belsh &#8211; Arif Tafani<\/p>\n<p>Bashkia C\u00ebrrik &#8211; Andis Sala<\/p>\n<p>Bashkia Gramsh \u2013 Besjan Ajazi<\/p>\n<p>Bashkia Librazhd &#8211; Ermal Kurti ose Mariglen Disha<\/p>\n<p>Bashkia Prrenjas &#8211; Nuri Belba<\/p>\n<p>Bashkia Peqin-Bukurosh Ma\u00e7i<\/p>\n<p><strong>QARKU FIER<\/strong><\/p>\n<p>Bashkia Fier &#8211; Armando Subashi<\/p>\n<p>Bashkia Divjak\u00eb-E pap\u00ebrcaktuar<\/p>\n<p>Bashkia Lushnje &#8211; Eriselda Sefa<\/p>\n<p>Bashkia Mallakast\u00ebr &#8211; Qerim Ismaili<\/p>\n<p>Bashkia Patos &#8211; E pap\u00ebrcaktuar<\/p>\n<p>Bashkia Roskovec &#8211; Majlinda Bufi<\/p>\n<p><strong>QARKU GJIROKAST\u00cbR<\/strong><\/p>\n<p>Bashkia Gjirokast\u00ebr &#8211; Flamur Golemi<\/p>\n<p>Bashkia Tepelen\u00eb &#8211; T\u00ebrmet Pe\u00e7i<\/p>\n<p>Bashkia Dropull &#8211; Dhimitraq Toli<\/p>\n<p>Bashkia K\u00eblcyr\u00eb &#8211; Klement Ndoni<\/p>\n<p>Bashkia Libohov\u00eb &#8211; Leonard Hide<\/p>\n<p>Bashkia Memaliaj \u00a0&#8211; Gjolek Guci<\/p>\n<p>Bashkia P\u00ebrmet\u00a0 &#8211; Alma Hoxha<\/p>\n<p><strong>QARKU KORC\u00cb<\/strong><\/p>\n<p>Bashkia Kor\u00e7\u00eb &#8211; Sotiraq Filo<\/p>\n<p>Bashkia Kolonj\u00eb &#8211; Erion Isai<\/p>\n<p>Bashkia Devoll &#8211; Eduard Duro<\/p>\n<p>Bashkia Maliq &#8211; G\u00ebzim Top\u00e7iu<\/p>\n<p>Bashkia Pogradec &#8211; Ilir Xhakolli<\/p>\n<p>Bashkia Pustec &#8211; Pali Kolefski<\/p>\n<p><strong>QARKU DURR\u00cbS<\/strong><\/p>\n<p>Bashkia Durr\u00ebs\u00a0 &#8211; Emiriana Sako<\/p>\n<p>Bashkia Kruj\u00eb \u2013 Redon Roshi<\/p>\n<p>Bashkia Shijak &#8211; Elton Arbana<\/p>\n","protected":false},"excerpt":{"rendered":"<p>Nga 60 kryetar\u00eb aktual t\u00eb bashkive, vet\u00ebm tet\u00eb prej tyre nuk do t\u00eb jen\u00eb pjes\u00eb e gar\u00ebs n\u00eb 14 maj. Kryesia e Partis\u00eb Socialiste do t\u00eb mblidhet n\u00eb afatet fundore p\u00ebr t\u00eb miratuar list\u00ebn, teksa dy deputet\u00eb pritet t\u00eb l\u00ebn\u00eb edhe mandatet. Partia Socialiste ka b\u00ebr\u00eb disa pastrime lidhur me kandidat\u00ebt p\u00ebr zgjedhjet vendore t\u00eb [&hellip;]<\/p>\n","protected":false},"author":5,"featured_media":51971,"comment_status":"closed","ping_status":"open","sticky":false,"template":"","format":"standard","meta":{"footnotes":""},"categories":[6326,6332],"tags":[22423,22424],"class_list":{"0":"post-57220","1":"post","2":"type-post","3":"status-publish","4":"format-standard","5":"has-post-thumbnail","7":"category-politike","8":"category-te-fundit","9":"tag-emrat-rama-heq-disa-kryebashkiake","10":"tag-ja-lista-e-kandidateve-te-ps-se-per-12-qarqet-ne-zgjedhjet-lokale"},"_links":{"self":[{"href":"https:\/\/jugulajm.net\/index.php?rest_route=\/wp\/v2\/posts\/57220","targetHints":{"allow":["GET"]}}],"collection":[{"href":"https:\/\/jugulajm.net\/index.php?rest_route=\/wp\/v2\/posts"}],"about":[{"href":"https:\/\/jugulajm.net\/index.php?rest_route=\/wp\/v2\/types\/post"}],"author":[{"embeddable":true,"href":"https:\/\/jugulajm.net\/index.php?rest_route=\/wp\/v2\/users\/5"}],"replies":[{"embeddable":true,"href":"https:\/\/jugulajm.net\/index.php?rest_route=%2Fwp%2Fv2%2Fcomments&post=57220"}],"version-history":[{"count":0,"href":"https:\/\/jugulajm.net\/index.php?rest_route=\/wp\/v2\/posts\/57220\/revisions"}],"wp:featuredmedia":[{"embeddable":true,"href":"https:\/\/jugulajm.net\/index.php?rest_route=\/wp\/v2\/media\/51971"}],"wp:attachment":[{"href":"https:\/\/jugulajm.net\/index.php?rest_route=%2Fwp%2Fv2%2Fmedia&parent=57220"}],"wp:term":[{"taxonomy":"category","embeddable":true,"href":"https:\/\/jugulajm.net\/index.php?rest_route=%2Fwp%2Fv2%2Fcategories&post=57220"},{"taxonomy":"post_tag","embeddable":true,"href":"https:\/\/jugulajm.net\/index.php?rest_route=%2Fwp%2Fv2%2Ftags&post=57220"}],"curies":[{"name":"wp","href":"https:\/\/api.w.org\/{rel}","templated":true}]}}