{"id":57166,"date":"2023-03-18T20:56:20","date_gmt":"2023-03-18T19:56:20","guid":{"rendered":"https:\/\/jugulajm.net\/?p=57166"},"modified":"2023-05-31T09:42:39","modified_gmt":"2023-05-31T07:42:39","slug":"foto-luan-nga-fiqiri-deputeti-socialist-leshon-gafen-lavdi-hajredin-pashes-hero-i-te-gjithe-dibraneve","status":"publish","type":"post","link":"https:\/\/jugulajm.net\/?p=57166","title":{"rendered":"FOTO\/ &#8216;Luan nga fiqiri&#8217; deputeti socialist, l\u00ebshon gaf\u00ebn: Lavdi Hajredin Pash\u00ebs, hero i t\u00eb gjith\u00eb dibran\u00ebve!"},"content":{"rendered":"<p>Dija nuk ka fund, por ka nj\u00eb logjik\u00eb t\u00eb thjesht\u00eb q\u00eb p\u00ebrdoret p\u00ebr analiz\u00eb teksti p\u00ebr qoft\u00eb edhe nj\u00eb fjali q\u00eb na thuhet. Nj\u00eb gaf\u00eb monumentale ka b\u00ebr\u00eb sot Toni Gogi, deputeti i Partis\u00eb Socilaiste, i cili padashur ka glorifikuar figur\u00ebn e Hajredin Pash\u00ebs. K\u00ebt\u00eb e b\u00ebri duke publikuar vargjet q\u00eb jan\u00eb thurrur nd\u00ebr shekuj p\u00ebr t\u00eb, t\u00eb p\u00ebrmbledhura n\u00eb nj\u00eb k\u00ebng\u00eb trimerie q\u00eb flet p\u00ebr kyengritjen e Dervish Car\u00ebs\u00a0n\u00eb Dib\u00ebr n\u00eb 1843-1844.<\/p>\n<p>Duke shp\u00ebrndar\u00eb k\u00ebng\u00ebn, Toni Gogu me shum\u00eb emocion shkruan:\u00a0<em>170 vite k\u00ebng\u00eb dhe lavdi dedikuar Hajredin Pash\u00ebs, heroit t\u00eb gjith\u00eb dibran\u00ebve. Nj\u00eb prej dedikimeve q\u00eb nd\u00ebr breza \u00ebsht\u00eb trash\u00ebguar e vijon t\u00eb ngjall\u00eb nj\u00ebsoj emocion. <img decoding=\"async\" src=\"https:\/\/scontent.ftia14-1.fna.fbcdn.net\/v\/t1.15752-9\/333896161_231702009218639_8004427267859599950_n.png?_nc_cat=107&amp;ccb=1-7&amp;_nc_sid=ae9488&amp;_nc_ohc=VHCzxfmWOUIAX__7CqZ&amp;_nc_ht=scontent.ftia14-1.fna&amp;oh=03_AdRPgSVl7Fx_lib5LkgS8XjMF_gjhKS3RaLvXINcs3TiMw&amp;oe=643D7FD7\" alt=\"Nuk ka asnj\u00eb p\u00ebrshkrim t\u00eb disponuesh\u00ebm\" \/><\/em><\/p>\n<p><strong>\u00c7far\u00eb?!<\/strong><\/p>\n<p>Pa pasur nevoj\u00ebn p\u00ebr t\u00eb njohur historin\u00eb, por thjesht duke d\u00ebgjuar k\u00ebng\u00ebn q\u00eb vet\u00eb e kishte shp\u00ebrndar\u00eb kuptohet se Hajredin Pasha n\u00eb k\u00ebt\u00eb rast ishte pushtuesi\/okupatori\/ &#8220;i keqi&#8221; i fabul\u00ebs q\u00eb nuk po u rezistonte dot kryengrit\u00ebseve t\u00eb Dervish Car\u00ebs dhe jo vet\u00ebm. Por Gogu duket se nuk e ka pasur mendjen q\u00eb t\u00eb d\u00ebgjoj\u00eb&#8230;.<\/p>\n<p><img decoding=\"async\" src=\"https:\/\/cdnimpuls.com\/dosja.al\/media3\/-640-0-1679168085xsddpng-360.png\" alt=\"UPS! Toni Gogu l\u00ebshon GAF\u00cbN: Lavdi Hajredin Pash\u00ebs, hero i\" width=\"100%\" data-size=\"x\" data-id=\"453058\" \/><\/p>\n<p><em>&#8220;\u201cHajredin Pasha o po vjen o Radikes Valle o ku jan o k\u2019to malet e Dibres<\/em><br \/>\n<em>Valle ku jan o mor\u2019 k\u2019to male e Dibres Bejn\u2019 o kuvend o n\u2019 ate fushe o te Gjorices<\/em><br \/>\n<em>Ne fushe o t\u2019 Gjorices o more te kalaja Hajredin Pashen more e ka gjet belaja<\/em><br \/>\n<em>Qe belaja pashen e ka gjete Malet e Dibres more kan lidhe bese&#8221;<\/em><\/p>\n<p>Me kaq reshta gjith\u00e7ka \u00ebsht\u00eb vet\u00ebshpjeguese&#8230;<\/p>\n<p>Gabimin duket se socialisti e ka kuptuar, ndoshta dhe me ndihm\u00ebn e ndonj\u00eb kolegu, e menj\u00ebher\u00eb ka nd\u00ebrhyr\u00eb p\u00ebr t\u00eb edituar postimin e tij duke hequr pjes\u00ebn p\u00ebr Hajredin Pash\u00ebn.<\/p>\n","protected":false},"excerpt":{"rendered":"<p>Dija nuk ka fund, por ka nj\u00eb logjik\u00eb t\u00eb thjesht\u00eb q\u00eb p\u00ebrdoret p\u00ebr analiz\u00eb teksti p\u00ebr qoft\u00eb edhe nj\u00eb fjali q\u00eb na thuhet. Nj\u00eb gaf\u00eb monumentale ka b\u00ebr\u00eb sot Toni Gogi, deputeti i Partis\u00eb Socilaiste, i cili padashur ka glorifikuar figur\u00ebn e Hajredin Pash\u00ebs. K\u00ebt\u00eb e b\u00ebri duke publikuar vargjet q\u00eb jan\u00eb thurrur nd\u00ebr shekuj [&hellip;]<\/p>\n","protected":false},"author":5,"featured_media":57167,"comment_status":"closed","ping_status":"open","sticky":false,"template":"","format":"standard","meta":{"footnotes":""},"categories":[1,6332],"tags":[22394,22396,22395,22397],"class_list":{"0":"post-57166","1":"post","2":"type-post","3":"status-publish","4":"format-standard","5":"has-post-thumbnail","7":"category-aktualitet","8":"category-te-fundit","9":"tag-foto-luan-nga-fiqiri-deputeti-socialist","10":"tag-hero-i-te-gjithe-dibraneve","11":"tag-leshon-gafen-lavdi-hajredin-pashes","12":"tag-toni-gogu"},"_links":{"self":[{"href":"https:\/\/jugulajm.net\/index.php?rest_route=\/wp\/v2\/posts\/57166","targetHints":{"allow":["GET"]}}],"collection":[{"href":"https:\/\/jugulajm.net\/index.php?rest_route=\/wp\/v2\/posts"}],"about":[{"href":"https:\/\/jugulajm.net\/index.php?rest_route=\/wp\/v2\/types\/post"}],"author":[{"embeddable":true,"href":"https:\/\/jugulajm.net\/index.php?rest_route=\/wp\/v2\/users\/5"}],"replies":[{"embeddable":true,"href":"https:\/\/jugulajm.net\/index.php?rest_route=%2Fwp%2Fv2%2Fcomments&post=57166"}],"version-history":[{"count":0,"href":"https:\/\/jugulajm.net\/index.php?rest_route=\/wp\/v2\/posts\/57166\/revisions"}],"wp:featuredmedia":[{"embeddable":true,"href":"https:\/\/jugulajm.net\/index.php?rest_route=\/wp\/v2\/media\/57167"}],"wp:attachment":[{"href":"https:\/\/jugulajm.net\/index.php?rest_route=%2Fwp%2Fv2%2Fmedia&parent=57166"}],"wp:term":[{"taxonomy":"category","embeddable":true,"href":"https:\/\/jugulajm.net\/index.php?rest_route=%2Fwp%2Fv2%2Fcategories&post=57166"},{"taxonomy":"post_tag","embeddable":true,"href":"https:\/\/jugulajm.net\/index.php?rest_route=%2Fwp%2Fv2%2Ftags&post=57166"}],"curies":[{"name":"wp","href":"https:\/\/api.w.org\/{rel}","templated":true}]}}