{"id":57158,"date":"2023-03-18T18:24:07","date_gmt":"2023-03-18T17:24:07","guid":{"rendered":"https:\/\/jugulajm.net\/?p=57158"},"modified":"2023-05-31T09:42:39","modified_gmt":"2023-05-31T07:42:39","slug":"greqi-48-vjecarit-shqiptar-i-deshton-plani-i-arratisjes-nga-burgukapet-pas-kater-oresh","status":"publish","type":"post","link":"https:\/\/jugulajm.net\/?p=57158","title":{"rendered":"Greqi\/ 48-vje\u00e7arit shqiptar i d\u00ebshton plani i arratisjes nga burgu, kapet pas kat\u00ebr or\u00ebsh"},"content":{"rendered":"<p>Nj\u00eb 48-vje\u00e7ar me origjin\u00eb shqiptare \u00ebsht\u00eb arratisur pasditen e s\u00eb enjtes nga paraburgimi i Policis\u00eb s\u00eb Magnezis\u00eb. Sapo u konstatua arratisja e tij, \u00ebsht\u00eb v\u00ebn\u00eb alarmi p\u00ebr lokalizimin e tij, p\u00ebr pasoj\u00eb \u00ebsht\u00eb gjetur rreth 4 or\u00eb m\u00eb von\u00eb n\u00eb rrug\u00ebn 2 N\u00ebntori. 48-vje\u00e7ari ka qen\u00eb i d\u00ebnuar p\u00ebr dhun\u00eb n\u00eb familje dhe ka llogari t\u00eb hapura me drejt\u00ebsin\u00eb. Ai ndodhej n\u00eb paraburgim pasi po gjykohet n\u00eb Gjykat\u00ebn Penale Tre an\u00ebtar\u00ebshe p\u00ebr \u00e7\u00ebshtje t\u00eb ndryshme edhe pse vuan d\u00ebnimin me burg n\u00eb burgjet e Laris\u00ebs.<\/p>\n<p>Vet\u00ebm t\u00eb premten e kaluar ai u d\u00ebnua me 18 muaj me kusht, pasi Gjykata Penale Tre an\u00ebtar\u00ebsh e Volos e shpalli s\u00ebrish fajtor p\u00ebr l\u00ebndime trupore n\u00eb familje, kanosje n\u00eb familje, arm\u00ebmbajtje pa leje dhe p\u00ebrdorim t\u00eb arm\u00ebve. I pandehuri \u00ebsht\u00eb n\u00eb paraburgim n\u00eb burgjet e Laris\u00ebs p\u00ebr dhun\u00eb n\u00eb familje, n\u00eb kurriz t\u00eb gruas s\u00eb tij t\u00eb larguar dhe vjehrrit t\u00eb tij, dhe shpesh ka shqet\u00ebsuar opinionin social vendas.<\/p>\n<p>Ai \u00ebsht\u00eb i nj\u00ebjti q\u00eb teksa q\u00ebndronte n\u00eb korridorin e gjykat\u00ebs pas nj\u00eb vendimi faj\u00ebsie, kishte k\u00ebrc\u00ebnuar prokuroren duke i th\u00ebn\u00eb: \u201cDo t\u00eb t\u00eb vidhos dhe do t\u00eb t\u00eb d\u00ebrgoj n\u00eb burg\u201d.<\/p>\n","protected":false},"excerpt":{"rendered":"<p>Nj\u00eb 48-vje\u00e7ar me origjin\u00eb shqiptare \u00ebsht\u00eb arratisur pasditen e s\u00eb enjtes nga paraburgimi i Policis\u00eb s\u00eb Magnezis\u00eb. Sapo u konstatua arratisja e tij, \u00ebsht\u00eb v\u00ebn\u00eb alarmi p\u00ebr lokalizimin e tij, p\u00ebr pasoj\u00eb \u00ebsht\u00eb gjetur rreth 4 or\u00eb m\u00eb von\u00eb n\u00eb rrug\u00ebn 2 N\u00ebntori. 48-vje\u00e7ari ka qen\u00eb i d\u00ebnuar p\u00ebr dhun\u00eb n\u00eb familje dhe ka llogari [&hellip;]<\/p>\n","protected":false},"author":5,"featured_media":47349,"comment_status":"closed","ping_status":"open","sticky":false,"template":"","format":"standard","meta":{"footnotes":""},"categories":[1,6332],"tags":[22391,22392],"class_list":{"0":"post-57158","1":"post","2":"type-post","3":"status-publish","4":"format-standard","5":"has-post-thumbnail","7":"category-aktualitet","8":"category-te-fundit","9":"tag-greqi-48-vjecarit-shqiptar-i-deshton-plani-i-arratisjes-nga-burgu","10":"tag-kapet-pas-kater-oresh"},"_links":{"self":[{"href":"https:\/\/jugulajm.net\/index.php?rest_route=\/wp\/v2\/posts\/57158","targetHints":{"allow":["GET"]}}],"collection":[{"href":"https:\/\/jugulajm.net\/index.php?rest_route=\/wp\/v2\/posts"}],"about":[{"href":"https:\/\/jugulajm.net\/index.php?rest_route=\/wp\/v2\/types\/post"}],"author":[{"embeddable":true,"href":"https:\/\/jugulajm.net\/index.php?rest_route=\/wp\/v2\/users\/5"}],"replies":[{"embeddable":true,"href":"https:\/\/jugulajm.net\/index.php?rest_route=%2Fwp%2Fv2%2Fcomments&post=57158"}],"version-history":[{"count":0,"href":"https:\/\/jugulajm.net\/index.php?rest_route=\/wp\/v2\/posts\/57158\/revisions"}],"wp:featuredmedia":[{"embeddable":true,"href":"https:\/\/jugulajm.net\/index.php?rest_route=\/wp\/v2\/media\/47349"}],"wp:attachment":[{"href":"https:\/\/jugulajm.net\/index.php?rest_route=%2Fwp%2Fv2%2Fmedia&parent=57158"}],"wp:term":[{"taxonomy":"category","embeddable":true,"href":"https:\/\/jugulajm.net\/index.php?rest_route=%2Fwp%2Fv2%2Fcategories&post=57158"},{"taxonomy":"post_tag","embeddable":true,"href":"https:\/\/jugulajm.net\/index.php?rest_route=%2Fwp%2Fv2%2Ftags&post=57158"}],"curies":[{"name":"wp","href":"https:\/\/api.w.org\/{rel}","templated":true}]}}