{"id":57143,"date":"2023-03-18T10:53:25","date_gmt":"2023-03-18T09:53:25","guid":{"rendered":"https:\/\/jugulajm.net\/?p=57143"},"modified":"2023-05-31T09:42:40","modified_gmt":"2023-05-31T07:42:40","slug":"emri-arrestohet-sarandjoti-26-vjecar-ishte-ne-kerkim-per-shitje-kanabisi","status":"publish","type":"post","link":"https:\/\/jugulajm.net\/?p=57143","title":{"rendered":"EMRI\/ Arrestohet sarandjoti 26-vje\u00e7ar, ishte n\u00eb k\u00ebrkim p\u00ebr shitje kanabisi"},"content":{"rendered":"<p>Nj\u00eb 26-vje\u00e7ar nga Saranda, i d\u00ebnuar me 3 vite e 4 muaj burgim, p\u00ebr vepr\u00ebn penale \u201cProdhim dhe shitja e l\u00ebnd\u00ebve narkotike\u201d. B\u00ebhet fjal\u00eb p\u00ebr Edlor Omerin, i cili ishte shpallur n\u00eb k\u00ebrkim pasi Gjykata e Rrethit Gjyq\u00ebsor Sarand\u00eb. T\u00eb riut n\u00eb vitin 2020, gjat\u00eb kontrollit fizik , sh\u00ebrbimet e Policis\u00eb i gjet\u00ebn dhe sekuestruan nj\u00eb sasi l\u00ebnd\u00eb narkotike kanabis.<\/p>\n<p><strong>Njoftimi i Policis\u00eb:<\/strong><\/p>\n<p>N\u00eb vijim t\u00eb pun\u00ebs p\u00ebr kapjen e personave t\u00eb shpallur n\u00eb k\u00ebrkim dhe v\u00ebnien e tyre p\u00ebrpara p\u00ebrgjegj\u00ebsis\u00eb ligjore, nga sh\u00ebrbimet e Komisariatit Sarand\u00eb, bazuar dhe n\u00eb inteligjenc\u00ebn informative, p\u00ebr vendndodhjen e nj\u00eb shtetasi n\u00eb k\u00ebrkim, u b\u00eb e mundur kapja dhe ndalimi i shtetasit:<\/p>\n<p>-Edlor Omeri, 26 vje\u00e7, banues n\u00eb Sarand\u00eb.<\/p>\n<p>26-vje\u00e7ari ishte shpallur n\u00eb k\u00ebrkim pasi Gjykata e Rrethit Gjyq\u00ebsor Sarand\u00eb, me vendimin e dat\u00ebs 19.07.2022, e ka d\u00ebnuar me 3 vite e 4 muaj burgim, p\u00ebr vepr\u00ebn penale \u201cProdhim dhe shitja e l\u00ebnd\u00ebve narkotike\u201d.<\/p>\n<p>K\u00ebtij shtetasi, n\u00eb vitin 2020, gjat\u00eb kontrollit fizik\u00a0 sh\u00ebrbimet e Policis\u00eb i gjet\u00ebn dhe sekuestruan nj\u00eb sasi l\u00ebnd\u00eb narkotike kanabis.<\/p>\n","protected":false},"excerpt":{"rendered":"<p>Nj\u00eb 26-vje\u00e7ar nga Saranda, i d\u00ebnuar me 3 vite e 4 muaj burgim, p\u00ebr vepr\u00ebn penale \u201cProdhim dhe shitja e l\u00ebnd\u00ebve narkotike\u201d. B\u00ebhet fjal\u00eb p\u00ebr Edlor Omerin, i cili ishte shpallur n\u00eb k\u00ebrkim pasi Gjykata e Rrethit Gjyq\u00ebsor Sarand\u00eb. T\u00eb riut n\u00eb vitin 2020, gjat\u00eb kontrollit fizik , sh\u00ebrbimet e Policis\u00eb i gjet\u00ebn dhe sekuestruan [&hellip;]<\/p>\n","protected":false},"author":5,"featured_media":55421,"comment_status":"closed","ping_status":"open","sticky":false,"template":"","format":"standard","meta":{"footnotes":""},"categories":[1,6332],"tags":[22382,22383],"class_list":{"0":"post-57143","1":"post","2":"type-post","3":"status-publish","4":"format-standard","5":"has-post-thumbnail","7":"category-aktualitet","8":"category-te-fundit","9":"tag-emri-arrestohet-sarandjoti-26-vjecar","10":"tag-ishte-ne-kerkim-per-shitje-kanabisi"},"_links":{"self":[{"href":"https:\/\/jugulajm.net\/index.php?rest_route=\/wp\/v2\/posts\/57143","targetHints":{"allow":["GET"]}}],"collection":[{"href":"https:\/\/jugulajm.net\/index.php?rest_route=\/wp\/v2\/posts"}],"about":[{"href":"https:\/\/jugulajm.net\/index.php?rest_route=\/wp\/v2\/types\/post"}],"author":[{"embeddable":true,"href":"https:\/\/jugulajm.net\/index.php?rest_route=\/wp\/v2\/users\/5"}],"replies":[{"embeddable":true,"href":"https:\/\/jugulajm.net\/index.php?rest_route=%2Fwp%2Fv2%2Fcomments&post=57143"}],"version-history":[{"count":0,"href":"https:\/\/jugulajm.net\/index.php?rest_route=\/wp\/v2\/posts\/57143\/revisions"}],"wp:featuredmedia":[{"embeddable":true,"href":"https:\/\/jugulajm.net\/index.php?rest_route=\/wp\/v2\/media\/55421"}],"wp:attachment":[{"href":"https:\/\/jugulajm.net\/index.php?rest_route=%2Fwp%2Fv2%2Fmedia&parent=57143"}],"wp:term":[{"taxonomy":"category","embeddable":true,"href":"https:\/\/jugulajm.net\/index.php?rest_route=%2Fwp%2Fv2%2Fcategories&post=57143"},{"taxonomy":"post_tag","embeddable":true,"href":"https:\/\/jugulajm.net\/index.php?rest_route=%2Fwp%2Fv2%2Ftags&post=57143"}],"curies":[{"name":"wp","href":"https:\/\/api.w.org\/{rel}","templated":true}]}}