{"id":57108,"date":"2023-03-17T12:11:32","date_gmt":"2023-03-17T11:11:32","guid":{"rendered":"https:\/\/jugulajm.net\/?p=57108"},"modified":"2023-05-31T09:42:40","modified_gmt":"2023-05-31T07:42:40","slug":"video-lajm-i-fundit-cohet-ne-kembe-populli-ne-memaliaj-proteston-per-kushtet-mesjetare","status":"publish","type":"post","link":"https:\/\/jugulajm.net\/?p=57108","title":{"rendered":"VIDEO\/LAJM I FUNDIT\/\u00c7ohet n\u00eb k\u00ebmb\u00eb populli n\u00eb Memaliaj, proteston p\u00ebr kushtet mesjetare"},"content":{"rendered":"<p>Banor\u00ebt e dy fshatrave n\u00eb Bashkin\u00eb e Memaliajt, kan\u00eb protestuar sot para godin\u00ebs s\u00eb k\u00ebsaj bashkie p\u00ebr munges\u00ebn e investimeve n\u00eb infrastruktur\u00eb.<\/p>\n<p>Ndon\u00ebse kryetari i Bashkis\u00eb Gjolek Guci u kishte l\u00ebn\u00eb takim p\u00ebr sot, ky i fundit nuk u ka dal\u00eb fare n\u00eb sken\u00eb duke u fshehur. Jo vet\u00ebm kaq, por as n\u00ebnkryetarja e bashkis\u00eb Etmonda Harizi nuk \u00ebsht\u00eb paraqitur fare n\u00eb pun\u00eb dit\u00ebn e sotme. T\u00eb gjendur n\u00eb k\u00ebto kushte, banor\u00ebt nuk e kan\u00eb fshehur zhg\u00ebnjimin dhe revolt\u00ebn ndaj krer\u00ebve t\u00eb bashkis\u00eb t\u00eb cil\u00ebt jo vet\u00ebm q\u00eb nuk i marrin fare n\u00eb konsiderat\u00eb problemet e k\u00ebtij komuniteti, por dhe as q\u00eb denjojn\u00eb t\u00eb kontaktojn\u00eb dhe njihen me hallet e tyre.<\/p>\n<p>Jan\u00eb fshatrat Allkomemaj dhe Levan t\u00eb cilat shtrihen n\u00eb skajin verior t\u00eb k\u00ebsaj bashkie n\u00eb kufi me Mallakastr\u00ebn. Banor\u00ebt k\u00ebrc\u00ebnojn\u00eb me shkat\u00ebrrimin e infrastruktur\u00ebs zgjedhore p\u00ebr zgjedhjet e 14 majit, n\u00ebse qeveria shqiptare nuk p\u00ebrmbush premtimet e dh\u00ebna prej 30 vitesh p\u00ebr shtrimin e rrug\u00ebs. Banor\u00ebt nuk kan\u00eb kursyer as deputetin e zon\u00ebs Laert Durajn duke e quajtur nj\u00eb mashtrues ordiner i cili nuk ka denjuar as t\u2019i pres\u00eb apo t\u2019u jap\u00eb zgjidhje problemeve t\u00eb k\u00ebij komuniteti 3000 banor\u00ebsh.<\/p>\n<p>Mjaft prej tyre, t\u00eb zhg\u00ebnjyer nga mungesa e v\u00ebmendjes prej pushtetit, kan\u00eb hedhur iden\u00eb e kalimit t\u00eb k\u00ebtyre dy fshatrave n\u00eb Bashkin\u00eb e Mallakastr\u00ebs me shpres\u00ebn se situata do t\u00eb ndryshoj\u00eb.<\/p>\n","protected":false},"excerpt":{"rendered":"<p>Banor\u00ebt e dy fshatrave n\u00eb Bashkin\u00eb e Memaliajt, kan\u00eb protestuar sot para godin\u00ebs s\u00eb k\u00ebsaj bashkie p\u00ebr munges\u00ebn e investimeve n\u00eb infrastruktur\u00eb. Ndon\u00ebse kryetari i Bashkis\u00eb Gjolek Guci u kishte l\u00ebn\u00eb takim p\u00ebr sot, ky i fundit nuk u ka dal\u00eb fare n\u00eb sken\u00eb duke u fshehur. Jo vet\u00ebm kaq, por as n\u00ebnkryetarja e bashkis\u00eb [&hellip;]<\/p>\n","protected":false},"author":5,"featured_media":57113,"comment_status":"closed","ping_status":"open","sticky":false,"template":"","format":"video","meta":{"footnotes":""},"categories":[1,6332],"tags":[9145,21916],"class_list":{"0":"post-57108","1":"post","2":"type-post","3":"status-publish","4":"format-video","5":"has-post-thumbnail","7":"category-aktualitet","8":"category-te-fundit","9":"tag-allkomemaj","10":"tag-memaliaj","11":"post_format-post-format-video"},"_links":{"self":[{"href":"https:\/\/jugulajm.net\/index.php?rest_route=\/wp\/v2\/posts\/57108","targetHints":{"allow":["GET"]}}],"collection":[{"href":"https:\/\/jugulajm.net\/index.php?rest_route=\/wp\/v2\/posts"}],"about":[{"href":"https:\/\/jugulajm.net\/index.php?rest_route=\/wp\/v2\/types\/post"}],"author":[{"embeddable":true,"href":"https:\/\/jugulajm.net\/index.php?rest_route=\/wp\/v2\/users\/5"}],"replies":[{"embeddable":true,"href":"https:\/\/jugulajm.net\/index.php?rest_route=%2Fwp%2Fv2%2Fcomments&post=57108"}],"version-history":[{"count":0,"href":"https:\/\/jugulajm.net\/index.php?rest_route=\/wp\/v2\/posts\/57108\/revisions"}],"wp:featuredmedia":[{"embeddable":true,"href":"https:\/\/jugulajm.net\/index.php?rest_route=\/wp\/v2\/media\/57113"}],"wp:attachment":[{"href":"https:\/\/jugulajm.net\/index.php?rest_route=%2Fwp%2Fv2%2Fmedia&parent=57108"}],"wp:term":[{"taxonomy":"category","embeddable":true,"href":"https:\/\/jugulajm.net\/index.php?rest_route=%2Fwp%2Fv2%2Fcategories&post=57108"},{"taxonomy":"post_tag","embeddable":true,"href":"https:\/\/jugulajm.net\/index.php?rest_route=%2Fwp%2Fv2%2Ftags&post=57108"}],"curies":[{"name":"wp","href":"https:\/\/api.w.org\/{rel}","templated":true}]}}