{"id":57096,"date":"2023-03-17T09:31:21","date_gmt":"2023-03-17T08:31:21","guid":{"rendered":"https:\/\/jugulajm.net\/?p=57096"},"modified":"2023-05-31T09:42:41","modified_gmt":"2023-05-31T07:42:41","slug":"moti-sot-diell-dhe-kalime-vranesirash","status":"publish","type":"post","link":"https:\/\/jugulajm.net\/?p=57096","title":{"rendered":"Moti sot\/ Diell dhe kalime vran\u00ebsirash"},"content":{"rendered":"<p>Gjat\u00eb dit\u00ebs s\u00eb sotme vendi yn\u00eb do t\u00eb p\u00ebrfshihet nga masat ajrore t\u00eb q\u00ebndrueshme, duke b\u00ebr\u00eb q\u00eb p\u00ebrgjat\u00eb gjith\u00eb 24-or\u00ebshit t\u00eb kemi alternime kthjellimesh dhe vran\u00ebsirash t\u00eb lehta.<\/p>\n<div class=\"jeg_ad jeg_ad_article jnews_content_inline_ads\">\n<div class=\"ads-wrapper align-center\">\n<div class=\"ads_code\">Kthjellimet m\u00eb t\u00eb dukshme do t\u00eb jen\u00eb n\u00eb pjes\u00ebn e par\u00eb t\u00eb dit\u00ebs n\u00eb Ult\u00ebsir\u00ebn Per\u00ebndimore. Nd\u00ebrsa vran\u00ebsirat pritet t\u00eb theksohen gradualisht gjat\u00eb or\u00ebve t\u00eb pasdites dhe mbr\u00ebmjes n\u00eb t\u00eb gjith\u00eb territorin, ku m\u00eb t\u00eb fokusuara vran\u00ebsirat parshikohet t\u00eb jen\u00eb p\u00ebrgjat\u00eb gjith\u00eb shtrirjes Lindore t\u00eb Shqip\u00ebris\u00eb.<\/div>\n<div><\/div>\n<\/div>\n<\/div>\n<p>Sipas MeteoAlb, temperaturat e ajrit do t\u00eb vijojn\u00eb t\u00eb ulen n\u00eb m\u00ebngjes, por do t\u00eb rriten leht\u00eb n\u00eb mesdit\u00eb duke u luhatur nga -2\u00b0C deri n\u00eb 18\u00b0C.<\/p>\n<p>Era do t\u00eb fryj\u00eb e leht\u00eb dhe mesatare me shpejt\u00ebsi 35 km\/h nga drejtimi Verior-Verilindor duke sjell\u00eb n\u00eb brigjet detare dallg\u00ebzim mbi 2 ball\u00eb.<\/p>\n","protected":false},"excerpt":{"rendered":"<p>Gjat\u00eb dit\u00ebs s\u00eb sotme vendi yn\u00eb do t\u00eb p\u00ebrfshihet nga masat ajrore t\u00eb q\u00ebndrueshme, duke b\u00ebr\u00eb q\u00eb p\u00ebrgjat\u00eb gjith\u00eb 24-or\u00ebshit t\u00eb kemi alternime kthjellimesh dhe vran\u00ebsirash t\u00eb lehta. Kthjellimet m\u00eb t\u00eb dukshme do t\u00eb jen\u00eb n\u00eb pjes\u00ebn e par\u00eb t\u00eb dit\u00ebs n\u00eb Ult\u00ebsir\u00ebn Per\u00ebndimore. Nd\u00ebrsa vran\u00ebsirat pritet t\u00eb theksohen gradualisht gjat\u00eb or\u00ebve t\u00eb pasdites dhe [&hellip;]<\/p>\n","protected":false},"author":5,"featured_media":47843,"comment_status":"closed","ping_status":"open","sticky":false,"template":"","format":"standard","meta":{"footnotes":""},"categories":[7650,6332],"tags":[22362],"class_list":{"0":"post-57096","1":"post","2":"type-post","3":"status-publish","4":"format-standard","5":"has-post-thumbnail","7":"category-moti","8":"category-te-fundit","9":"tag-moti-sot-diell-dhe-kalime-vranesirash"},"_links":{"self":[{"href":"https:\/\/jugulajm.net\/index.php?rest_route=\/wp\/v2\/posts\/57096","targetHints":{"allow":["GET"]}}],"collection":[{"href":"https:\/\/jugulajm.net\/index.php?rest_route=\/wp\/v2\/posts"}],"about":[{"href":"https:\/\/jugulajm.net\/index.php?rest_route=\/wp\/v2\/types\/post"}],"author":[{"embeddable":true,"href":"https:\/\/jugulajm.net\/index.php?rest_route=\/wp\/v2\/users\/5"}],"replies":[{"embeddable":true,"href":"https:\/\/jugulajm.net\/index.php?rest_route=%2Fwp%2Fv2%2Fcomments&post=57096"}],"version-history":[{"count":0,"href":"https:\/\/jugulajm.net\/index.php?rest_route=\/wp\/v2\/posts\/57096\/revisions"}],"wp:featuredmedia":[{"embeddable":true,"href":"https:\/\/jugulajm.net\/index.php?rest_route=\/wp\/v2\/media\/47843"}],"wp:attachment":[{"href":"https:\/\/jugulajm.net\/index.php?rest_route=%2Fwp%2Fv2%2Fmedia&parent=57096"}],"wp:term":[{"taxonomy":"category","embeddable":true,"href":"https:\/\/jugulajm.net\/index.php?rest_route=%2Fwp%2Fv2%2Fcategories&post=57096"},{"taxonomy":"post_tag","embeddable":true,"href":"https:\/\/jugulajm.net\/index.php?rest_route=%2Fwp%2Fv2%2Ftags&post=57096"}],"curies":[{"name":"wp","href":"https:\/\/api.w.org\/{rel}","templated":true}]}}