{"id":57086,"date":"2023-03-16T17:56:27","date_gmt":"2023-03-16T16:56:27","guid":{"rendered":"https:\/\/jugulajm.net\/?p=57086"},"modified":"2023-05-31T09:42:41","modified_gmt":"2023-05-31T07:42:41","slug":"denohet-me-burgim-te-perjetshem-elton-metaj-vrau-ish-bashkeshorten","status":"publish","type":"post","link":"https:\/\/jugulajm.net\/?p=57086","title":{"rendered":"D\u00ebnohet me burgim t\u00eb p\u00ebrjetsh\u00ebm Elton Metaj, vrau ish-bashk\u00ebshorten"},"content":{"rendered":"<header id=\"mobile-site-header\" class=\"mobile-header\">\n<div id=\"mobile-site-logo\" style=\"text-align: left;\" align=\"center\">Elton Bengaj (Metaj), autori i vrasjes s\u00eb ish-bashk\u00ebshortes s\u00eb tij \u00ebsht\u00eb deklaruar fajtor nga Gjykata e Rrethit Gjyq\u00ebsor Fier e cila e d\u00ebnoi at\u00eb me burgim t\u00eb p\u00ebrjetsh\u00ebm dhe vuajtja e d\u00ebnimit do t\u00eb b\u00ebhet n\u00eb nj\u00eb burg t\u00eb siguris\u00eb s\u00eb lart\u00eb. Vendimi \u00ebsht\u00eb dh\u00ebn\u00eb pasditen e k\u00ebsaj t\u00eb enjteje n\u00eb gjykat\u00ebn e Fierit n\u00eb munges\u00eb t\u00eb autorit nga trupi gjykues i kryesuar nga gjytare Sonila Hoxhaj, Taulant Banushi, Miranda Noka nd\u00ebrsa Prokurore e c\u00ebshtjes ka q\u00ebn\u00eb Ervisa Hyka.<\/div>\n<\/header>\n<header><\/header>\n<header>Elton Bengaj (Meta) dhe Sabrina Bengaj kan\u00eb lidhur martes\u00eb n\u00eb vitin 2017, martes\u00eb nga e cila \u00ebsht\u00eb sjell\u00eb n\u00eb jet\u00eb vajza e tyre. Bashk\u00ebjetesa midis tyre \u00ebsht\u00eb nd\u00ebrprer\u00eb n\u00eb vitin 2020, p\u00ebr shkak t\u00eb dhun\u00ebs fizike dhe psikologjike t\u00eb ushtruar nga bashk\u00ebshorti Elton Bengaj ndaj Sabrin\u00ebs e cila s\u00eb bashku me vajz\u00ebn e mitur \u00ebsht\u00eb zhvendosur n\u00eb banes\u00ebn e prind\u00ebrve t\u00eb saj n\u00eb fshatin Zhupan, Fier.<\/header>\n<header><\/header>\n<header>Edhe pas nd\u00ebrprerjes s\u00eb bashk\u00ebjetes\u00ebs t\u00eb tyre, Eltoni Bengaj ka vazhduar t\u00eb ushtroj\u00eb dhun\u00eb ndaj Sabrin\u00ebs. Rezulton se, ai ka k\u00ebrc\u00ebnuar me arm\u00eb kallashnikov Sabrin\u00ebn dhe familjen e saj, fakt p\u00ebr t\u00eb cilin ai \u00ebsht\u00eb arrestuar nga policia m\u00eb dat\u00eb 19.09.2020.<\/header>\n<header><\/header>\n<header>Nj\u00eb muaj m\u00eb pas, Gjykata e Rrethit Gjyq\u00ebsor Fier, mbi baz\u00ebn e k\u00ebrkes\u00ebs s\u00eb padit\u00ebses Sabrina Bengaj, ka l\u00ebshuar urdhrin e mbrojtjes p\u00ebr padit\u00ebsen, me efekt shtirje deri m\u00eb dat\u00eb 14.10.2021, duke urdh\u00ebruar t\u00eb paditurin Elton Bengaj t\u00eb mos c\u00ebnoj\u00eb, ngacmoj\u00eb, kontaktoj\u00eb apo t\u00eb komunikoj\u00eb drejt\u00ebp\u00ebrdrejt ose t\u00ebrthorazi, si dhe t\u00eb mos kryej\u00eb vep\u00ebr penale t\u00eb dhun\u00ebs n\u00eb familje ndaj padit\u00ebses Sabrina Bengaj.Gjykata e Rrethit Gjyq\u00ebsor Fier me vendimin e dat\u00ebs 21.02.2021 ka vendosur zgjidhjen e martes\u00ebs. \u2028Mbr\u00ebmjen e dat\u00ebs 10.09.2021, ish-bashk\u00ebshorti Elton Bengaj ka hyr\u00eb n\u00eb banes\u00ebn e prind\u00ebrve t\u00eb ish-bashk\u00ebshort\u00ebs me nj\u00eb arm\u00eb zjarri kallashnikov n\u00eb dor\u00eb.<\/p>\n<p>Pas k\u00ebrkes\u00ebs s\u00eb Sabrin\u00ebs p\u00ebr t\u2019u sqaruar jasht\u00eb banes\u00ebs, p\u00ebr t\u00eb mos shqet\u00ebsuar familjar\u00ebt, i pandehuri Elton Bengaj e ka q\u00eblluar disa her\u00eb me arm\u00eb pas shpine ish-bashk\u00ebshorten (p\u00ebr t\u00eb cil\u00ebn ishte nxjerr\u00eb nj\u00eb urdh\u00ebr mbrojtje nga Gjykata) dhe \u00ebsht\u00eb larguar me motor me shpejt\u00ebsi, ku \u00ebsht\u00eb kapur m\u00eb pas nga policia pas k\u00ebrkes\u00ebs s\u00eb t\u00eb atit t\u00eb tij dhe policis\u00eb p\u00ebr t\u2019u dor\u00ebzuar.<\/p>\n<p>Mbr\u00ebmjen e dat\u00ebs 10.09.2021, ish-bashk\u00ebshorti Elton Bengaj ka hyr\u00eb n\u00eb banes\u00ebn e prind\u00ebrve t\u00eb ish-bashk\u00ebshort\u00ebs me nj\u00eb arm\u00eb zjarri kallashnikov n\u00eb dor\u00eb. Pas k\u00ebrkes\u00ebs s\u00eb Sabrin\u00ebs p\u00ebr t\u2019u sqaruar jasht\u00eb banes\u00ebs, p\u00ebr t\u00eb mos shqet\u00ebsuar familjar\u00ebt, i pandehuri Elton Bengaj e ka q\u00eblluar disa her\u00eb me arm\u00eb pas shpine ish-bashk\u00ebshorten (p\u00ebr t\u00eb cil\u00ebn ishte nxjerr\u00eb nj\u00eb urdh\u00ebr mbrojtje nga Gjykata) dhe \u00ebsht\u00eb larguar me motor me shpejt\u00ebsi, ku \u00ebsht\u00eb kapur m\u00eb pas nga policia pas k\u00ebrkes\u00ebs s\u00eb t\u00eb atit t\u00eb tij dhe policis\u00eb p\u00ebr t\u2019u dor\u00ebzuar.<\/p>\n<\/header>\n","protected":false},"excerpt":{"rendered":"<p>Elton Bengaj (Metaj), autori i vrasjes s\u00eb ish-bashk\u00ebshortes s\u00eb tij \u00ebsht\u00eb deklaruar fajtor nga Gjykata e Rrethit Gjyq\u00ebsor Fier e cila e d\u00ebnoi at\u00eb me burgim t\u00eb p\u00ebrjetsh\u00ebm dhe vuajtja e d\u00ebnimit do t\u00eb b\u00ebhet n\u00eb nj\u00eb burg t\u00eb siguris\u00eb s\u00eb lart\u00eb. Vendimi \u00ebsht\u00eb dh\u00ebn\u00eb pasditen e k\u00ebsaj t\u00eb enjteje n\u00eb gjykat\u00ebn e Fierit n\u00eb [&hellip;]<\/p>\n","protected":false},"author":5,"featured_media":57087,"comment_status":"closed","ping_status":"open","sticky":false,"template":"","format":"standard","meta":{"footnotes":""},"categories":[1,6332],"tags":[22357,22358],"class_list":{"0":"post-57086","1":"post","2":"type-post","3":"status-publish","4":"format-standard","5":"has-post-thumbnail","7":"category-aktualitet","8":"category-te-fundit","9":"tag-denohet-me-burgim-te-perjetshem-elton-metaj","10":"tag-vrau-ish-bashkeshorten"},"_links":{"self":[{"href":"https:\/\/jugulajm.net\/index.php?rest_route=\/wp\/v2\/posts\/57086","targetHints":{"allow":["GET"]}}],"collection":[{"href":"https:\/\/jugulajm.net\/index.php?rest_route=\/wp\/v2\/posts"}],"about":[{"href":"https:\/\/jugulajm.net\/index.php?rest_route=\/wp\/v2\/types\/post"}],"author":[{"embeddable":true,"href":"https:\/\/jugulajm.net\/index.php?rest_route=\/wp\/v2\/users\/5"}],"replies":[{"embeddable":true,"href":"https:\/\/jugulajm.net\/index.php?rest_route=%2Fwp%2Fv2%2Fcomments&post=57086"}],"version-history":[{"count":0,"href":"https:\/\/jugulajm.net\/index.php?rest_route=\/wp\/v2\/posts\/57086\/revisions"}],"wp:featuredmedia":[{"embeddable":true,"href":"https:\/\/jugulajm.net\/index.php?rest_route=\/wp\/v2\/media\/57087"}],"wp:attachment":[{"href":"https:\/\/jugulajm.net\/index.php?rest_route=%2Fwp%2Fv2%2Fmedia&parent=57086"}],"wp:term":[{"taxonomy":"category","embeddable":true,"href":"https:\/\/jugulajm.net\/index.php?rest_route=%2Fwp%2Fv2%2Fcategories&post=57086"},{"taxonomy":"post_tag","embeddable":true,"href":"https:\/\/jugulajm.net\/index.php?rest_route=%2Fwp%2Fv2%2Ftags&post=57086"}],"curies":[{"name":"wp","href":"https:\/\/api.w.org\/{rel}","templated":true}]}}