{"id":57045,"date":"2023-03-15T17:08:45","date_gmt":"2023-03-15T16:08:45","guid":{"rendered":"https:\/\/jugulajm.net\/?p=57045"},"modified":"2023-05-31T09:42:42","modified_gmt":"2023-05-31T07:42:42","slug":"zgjedhjet-lokale-socialistet-sherr-me-klosin-per-kandidaturen-e-sarandes-anetaret-ai-eshte-nga-tepelena-ska-lidhje-me-saranden","status":"publish","type":"post","link":"https:\/\/jugulajm.net\/?p=57045","title":{"rendered":"Zgjedhjet vendore\/ Socialist\u00ebt sarandjot\u00eb sherr me Klosin p\u00ebr kandidatur\u00ebn: Ai \u00ebsht\u00eb nga Tepelena, s&#8217;ka lidhje me Sarand\u00ebn"},"content":{"rendered":"<p>Mbledhja e Asambles\u00eb s\u00eb Partis\u00eb Socialiste n\u00eb Sarand\u00eb mbr\u00ebmjen e kaluar u shoq\u00ebrua me shum\u00eb debate dhe tensione. Burime p\u00ebr &#8216;PanoramaTv&#8217; b\u00ebjn\u00eb t\u00eb ditur se shkak i debatit mes an\u00ebtar\u00ebve dhe deputet\u00ebve \u00ebsht\u00eb b\u00ebr\u00eb kandidatura p\u00ebr kryetar bashkie.<\/p>\n<p>Debati mes an\u00ebtar\u00ebve t\u00eb Asambles\u00eb s\u00eb PS nisi pasi mbi 90% e tyre, dol\u00ebn n\u00eb mb\u00ebshtetje t\u00eb kandidatur\u00ebs s\u00eb kryetarit aktual t\u00eb bashkis\u00eb, Adrian Gurma duke dal\u00eb kund\u00ebr q\u00ebndrimit t\u00eb t\u00eb deleguarit Blendi Klosi, i cili mb\u00ebshteti kandidatur\u00ebn e Oltion \u00c7a\u00e7it.<\/p>\n<p>Ata e kan\u00eb quajtur \u201ckandidatur\u00eb t\u00eb importuar at\u00eb t\u00eb Oltion \u00c7a\u00e7it\u201d, i cili sipas tyre nuk ka asnj\u00eb lidhje me Sarand\u00ebn. An\u00ebtar\u00ebt jan\u00eb shprehur se:\u00a0Ai \u00ebsht\u00eb nga Tepelena, e nuk ka asnj\u00eb lidhje me PS n\u00eb Sarand\u00eb, pasi nuk ka qen\u00eb aktiv n\u00eb deg\u00ebn lokale\u201d.<\/p>\n<p>Gjat\u00eb mbledhjes, p\u00ebrve\u00e7 Adrian Gurm\u00ebs dhe Oltion \u00c7a\u00e7it, jan\u00eb propozuar edhe emrat e Gjergji M\u00ebrkurit dhe Dhonat Kotes, si kandidatura t\u00eb mundshme.<\/p>\n<p>M\u00ebrkuri \u00ebsht\u00eb regjistruar para pak dit\u00ebsh si i pavarur n\u00eb KZAZ e Sarand\u00ebs. Kryesia e PS do t\u00eb marr\u00eb n\u00eb shqyrtim kandidaturat e propozuara dhe pritet t\u00eb shpall\u00eb n\u00eb dat\u00eb 25 Mars emrin e kandidatit q\u00eb do garoj\u00eb.<\/p>\n","protected":false},"excerpt":{"rendered":"<p>Mbledhja e Asambles\u00eb s\u00eb Partis\u00eb Socialiste n\u00eb Sarand\u00eb mbr\u00ebmjen e kaluar u shoq\u00ebrua me shum\u00eb debate dhe tensione. Burime p\u00ebr &#8216;PanoramaTv&#8217; b\u00ebjn\u00eb t\u00eb ditur se shkak i debatit mes an\u00ebtar\u00ebve dhe deputet\u00ebve \u00ebsht\u00eb b\u00ebr\u00eb kandidatura p\u00ebr kryetar bashkie. Debati mes an\u00ebtar\u00ebve t\u00eb Asambles\u00eb s\u00eb PS nisi pasi mbi 90% e tyre, dol\u00ebn n\u00eb mb\u00ebshtetje t\u00eb [&hellip;]<\/p>\n","protected":false},"author":5,"featured_media":57046,"comment_status":"closed","ping_status":"open","sticky":false,"template":"","format":"standard","meta":{"footnotes":""},"categories":[6326,6332],"tags":[22335,22336,22334],"class_list":{"0":"post-57045","1":"post","2":"type-post","3":"status-publish","4":"format-standard","5":"has-post-thumbnail","7":"category-politike","8":"category-te-fundit","9":"tag-anetaret-ai-eshte-nga-tepelena","10":"tag-ska-lidhje-me-saranden","11":"tag-zgjedhjet-lokale-socialistet-sherr-me-klosin-per-kandidaturen-e-sarandes"},"_links":{"self":[{"href":"https:\/\/jugulajm.net\/index.php?rest_route=\/wp\/v2\/posts\/57045","targetHints":{"allow":["GET"]}}],"collection":[{"href":"https:\/\/jugulajm.net\/index.php?rest_route=\/wp\/v2\/posts"}],"about":[{"href":"https:\/\/jugulajm.net\/index.php?rest_route=\/wp\/v2\/types\/post"}],"author":[{"embeddable":true,"href":"https:\/\/jugulajm.net\/index.php?rest_route=\/wp\/v2\/users\/5"}],"replies":[{"embeddable":true,"href":"https:\/\/jugulajm.net\/index.php?rest_route=%2Fwp%2Fv2%2Fcomments&post=57045"}],"version-history":[{"count":0,"href":"https:\/\/jugulajm.net\/index.php?rest_route=\/wp\/v2\/posts\/57045\/revisions"}],"wp:featuredmedia":[{"embeddable":true,"href":"https:\/\/jugulajm.net\/index.php?rest_route=\/wp\/v2\/media\/57046"}],"wp:attachment":[{"href":"https:\/\/jugulajm.net\/index.php?rest_route=%2Fwp%2Fv2%2Fmedia&parent=57045"}],"wp:term":[{"taxonomy":"category","embeddable":true,"href":"https:\/\/jugulajm.net\/index.php?rest_route=%2Fwp%2Fv2%2Fcategories&post=57045"},{"taxonomy":"post_tag","embeddable":true,"href":"https:\/\/jugulajm.net\/index.php?rest_route=%2Fwp%2Fv2%2Ftags&post=57045"}],"curies":[{"name":"wp","href":"https:\/\/api.w.org\/{rel}","templated":true}]}}