{"id":57032,"date":"2023-03-15T09:24:04","date_gmt":"2023-03-15T08:24:04","guid":{"rendered":"https:\/\/jugulajm.net\/?p=57032"},"modified":"2023-05-31T09:42:42","modified_gmt":"2023-05-31T07:42:42","slug":"moti-sot-i-vranet-7","status":"publish","type":"post","link":"https:\/\/jugulajm.net\/?p=57032","title":{"rendered":"Moti sot\/ I vran\u00ebt"},"content":{"rendered":"<p>Nj\u00eb sistem i dendur vran\u00ebsirash do t\u00eb p\u00ebrfshij\u00eb t\u00eb gjith\u00eb vendin ton\u00eb p\u00ebr gjat\u00eb gjith\u00eb 24 or\u00ebshit.<\/p>\n<div class=\"post-wrapper\">\n<div class=\"post-wrap\">\n<div class=\"jeg_main\">\n<div class=\"jeg_container\">\n<div class=\"jeg_content jeg_singlepage\">\n<div class=\"container\">\n<div class=\"row\">\n<div class=\"jeg_main_content col-md-8\">\n<div class=\"jeg_inner_content\">\n<div class=\"entry-content no-share\">\n<div class=\"content-inner\">\n<p>Parashikohet q\u00eb vran\u00ebsirat t\u00eb p\u00ebsojn\u00eb zhvillime duke gjeneruara reshje shiu n\u00eb t\u00eb gjith\u00eb territorin, ku n\u00eb zona t\u00eb izoluara do t\u00eb ket\u00eb rrebeshe afatshkurtra shiu.<\/p>\n<p>Nd\u00ebrsa n\u00eb zonat e thella malore pritet t\u00eb ket\u00eb reshje t\u00eb pakta d\u00ebbore. Mbr\u00ebmja dhe nata von\u00eb parashikohet t\u00eb sjellin p\u00ebrmir\u00ebsim gradual t\u00eb kushteve t\u00eb motit si fillim n\u00eb zonat per\u00ebndimore t\u00eb Shqip\u00ebris\u00eb.<\/p>\n<p>Temperaturat e ajrit do t\u00eb vijojn\u00eb t\u00eb rriten n\u00eb m\u00ebngjes, por do t\u00eb ulen n\u00eb mesdit\u00eb duke u luhatur nga 4\u00b0C deri n\u00eb 19\u00b0C.<\/p>\n<p style=\"text-align: left;\">Era do t\u00eb fryj\u00eb mesatare dhe e fort\u00eb n\u00eb det me shpejt\u00ebsi 55 km\/h nga drejtimi Jugper\u00ebndimor duke sjell\u00eb n\u00eb brigjet detare dallg\u00ebzim mbi 3 ball\u00eb.<\/p>\n<\/div>\n<\/div>\n<\/div>\n<\/div>\n<\/div>\n<\/div>\n<\/div>\n<\/div>\n<\/div>\n<\/div>\n<\/div>\n","protected":false},"excerpt":{"rendered":"<p>Nj\u00eb sistem i dendur vran\u00ebsirash do t\u00eb p\u00ebrfshij\u00eb t\u00eb gjith\u00eb vendin ton\u00eb p\u00ebr gjat\u00eb gjith\u00eb 24 or\u00ebshit. Parashikohet q\u00eb vran\u00ebsirat t\u00eb p\u00ebsojn\u00eb zhvillime duke gjeneruara reshje shiu n\u00eb t\u00eb gjith\u00eb territorin, ku n\u00eb zona t\u00eb izoluara do t\u00eb ket\u00eb rrebeshe afatshkurtra shiu. Nd\u00ebrsa n\u00eb zonat e thella malore pritet t\u00eb ket\u00eb reshje t\u00eb pakta d\u00ebbore. [&hellip;]<\/p>\n","protected":false},"author":5,"featured_media":53315,"comment_status":"closed","ping_status":"open","sticky":false,"template":"","format":"standard","meta":{"footnotes":""},"categories":[7650,6332],"tags":[20850],"class_list":{"0":"post-57032","1":"post","2":"type-post","3":"status-publish","4":"format-standard","5":"has-post-thumbnail","7":"category-moti","8":"category-te-fundit","9":"tag-moti-sot-i-vranet"},"_links":{"self":[{"href":"https:\/\/jugulajm.net\/index.php?rest_route=\/wp\/v2\/posts\/57032","targetHints":{"allow":["GET"]}}],"collection":[{"href":"https:\/\/jugulajm.net\/index.php?rest_route=\/wp\/v2\/posts"}],"about":[{"href":"https:\/\/jugulajm.net\/index.php?rest_route=\/wp\/v2\/types\/post"}],"author":[{"embeddable":true,"href":"https:\/\/jugulajm.net\/index.php?rest_route=\/wp\/v2\/users\/5"}],"replies":[{"embeddable":true,"href":"https:\/\/jugulajm.net\/index.php?rest_route=%2Fwp%2Fv2%2Fcomments&post=57032"}],"version-history":[{"count":0,"href":"https:\/\/jugulajm.net\/index.php?rest_route=\/wp\/v2\/posts\/57032\/revisions"}],"wp:featuredmedia":[{"embeddable":true,"href":"https:\/\/jugulajm.net\/index.php?rest_route=\/wp\/v2\/media\/53315"}],"wp:attachment":[{"href":"https:\/\/jugulajm.net\/index.php?rest_route=%2Fwp%2Fv2%2Fmedia&parent=57032"}],"wp:term":[{"taxonomy":"category","embeddable":true,"href":"https:\/\/jugulajm.net\/index.php?rest_route=%2Fwp%2Fv2%2Fcategories&post=57032"},{"taxonomy":"post_tag","embeddable":true,"href":"https:\/\/jugulajm.net\/index.php?rest_route=%2Fwp%2Fv2%2Ftags&post=57032"}],"curies":[{"name":"wp","href":"https:\/\/api.w.org\/{rel}","templated":true}]}}