{"id":57011,"date":"2023-03-14T16:16:30","date_gmt":"2023-03-14T15:16:30","guid":{"rendered":"https:\/\/jugulajm.net\/?p=57011"},"modified":"2023-05-31T09:42:42","modified_gmt":"2023-05-31T07:42:42","slug":"foto-merkel-dikur-ishte-gruaja-me-e-fuqishme-ne-bote-sot-udheton-me-klasin-e-lire","status":"publish","type":"post","link":"https:\/\/jugulajm.net\/?p=57011","title":{"rendered":"FOTO\/ Merkel, dikur ishte gruaja m\u00eb e fuqishme n\u00eb bot\u00eb, sot udh\u00ebton me klasin e lir\u00eb"},"content":{"rendered":"<p>P\u00ebr shum\u00eb vite, ajo ka qen\u00eb nj\u00eb nd\u00ebr grat\u00eb m\u00eb t\u00eb fuqishme n\u00eb bot\u00eb.<\/p>\n<p>Por sot, ajo shfaqet si nj\u00eb qytetare e thjesht, q\u00eb udh\u00ebton me klasin e lir\u00eb.<\/p>\n<figure class=\"wp-block-image size-full\"><img loading=\"lazy\" loading=\"lazy\" decoding=\"async\" class=\"wp-image-2134\" src=\"https:\/\/shekulli.com.al\/admin\/wp-content\/uploads\/2023\/03\/0-500-1678790562xangela1-897.jpg\" sizes=\"auto, (max-width: 425px) 100vw, 425px\" srcset=\"https:\/\/shekulli.com.al\/admin\/wp-content\/uploads\/2023\/03\/0-500-1678790562xangela1-897.jpg 425w, https:\/\/shekulli.com.al\/admin\/wp-content\/uploads\/2023\/03\/0-500-1678790562xangela1-897-255x300.jpg 255w\" alt=\"\" width=\"425\" height=\"500\" \/><\/figure>\n<p>Ish-kancelarja gjermane, Angela Merkel, 68 vje\u00e7, u fotografua duke fluturuar me t\u00eb shoqin, Joachim Sauer drejt Spanj\u00ebs.<\/p>\n<figure class=\"wp-block-image size-full\"><img loading=\"lazy\" loading=\"lazy\" decoding=\"async\" class=\"wp-image-2135\" src=\"https:\/\/shekulli.com.al\/admin\/wp-content\/uploads\/2023\/03\/0-500-1678790562xangela-866.jpg\" sizes=\"auto, (max-width: 417px) 100vw, 417px\" srcset=\"https:\/\/shekulli.com.al\/admin\/wp-content\/uploads\/2023\/03\/0-500-1678790562xangela-866.jpg 417w, https:\/\/shekulli.com.al\/admin\/wp-content\/uploads\/2023\/03\/0-500-1678790562xangela-866-250x300.jpg 250w\" alt=\"\" width=\"417\" height=\"500\" \/><\/figure>\n<p>Sipas BILD, ajo kaloi disa dit\u00eb pushime n\u00eb nj\u00eb hotel me kat\u00ebr yje n\u00eb Fuerteventura, ku nata kushton 162 euro.<\/p>\n<figure class=\"wp-block-image size-full\"><img loading=\"lazy\" loading=\"lazy\" decoding=\"async\" class=\"wp-image-2136\" src=\"https:\/\/shekulli.com.al\/admin\/wp-content\/uploads\/2023\/03\/0-500-1678790563xangela2-640.jpg\" sizes=\"auto, (max-width: 889px) 100vw, 889px\" srcset=\"https:\/\/shekulli.com.al\/admin\/wp-content\/uploads\/2023\/03\/0-500-1678790563xangela2-640.jpg 889w, https:\/\/shekulli.com.al\/admin\/wp-content\/uploads\/2023\/03\/0-500-1678790563xangela2-640-300x169.jpg 300w, https:\/\/shekulli.com.al\/admin\/wp-content\/uploads\/2023\/03\/0-500-1678790563xangela2-640-768x432.jpg 768w\" alt=\"\" width=\"889\" height=\"500\" \/><\/figure>\n<p>\u201cKush mendon q\u00eb nj\u00eb ish-kancelare fluturon m\u00eb mir\u00eb se nj\u00eb gjerman i zakonsh\u00ebm, gabohet,\u201d shkruan BILD, duke theksuar se bileta e avionit ka kushtuar diku te 504 euro.<\/p>\n<p>I vetmi \u2018bonus\u2019 ishte se ish-kancelarja u lejua t\u00eb futet n\u00eb bord e para.<\/p>\n<figure class=\"wp-block-image\"><img alt=\"\" \/><\/figure>\n<p>Gjat\u00eb fluturimit ajo lexoi tabletin e saj, plot\u00ebsoi disa fjal\u00ebkryqe dhe konsumoi nj\u00eb sandui\u00e7 dhe speca t\u00eb kuq, q\u00eb i kishte marr\u00eb me vete.<\/p>\n","protected":false},"excerpt":{"rendered":"<p>P\u00ebr shum\u00eb vite, ajo ka qen\u00eb nj\u00eb nd\u00ebr grat\u00eb m\u00eb t\u00eb fuqishme n\u00eb bot\u00eb. Por sot, ajo shfaqet si nj\u00eb qytetare e thjesht, q\u00eb udh\u00ebton me klasin e lir\u00eb. Ish-kancelarja gjermane, Angela Merkel, 68 vje\u00e7, u fotografua duke fluturuar me t\u00eb shoqin, Joachim Sauer drejt Spanj\u00ebs. Sipas BILD, ajo kaloi disa dit\u00eb pushime n\u00eb nj\u00eb [&hellip;]<\/p>\n","protected":false},"author":5,"featured_media":57012,"comment_status":"closed","ping_status":"open","sticky":false,"template":"","format":"standard","meta":{"footnotes":""},"categories":[1,7664,6332],"tags":[22326,22325,22327],"class_list":{"0":"post-57011","1":"post","2":"type-post","3":"status-publish","4":"format-standard","5":"has-post-thumbnail","7":"category-aktualitet","8":"category-bota","9":"category-te-fundit","10":"tag-dikur-ishte-gruaja-me-e-fuqishme-ne-bote","11":"tag-foto-merkel","12":"tag-sot-udheton-me-klasin-e-lire"},"_links":{"self":[{"href":"https:\/\/jugulajm.net\/index.php?rest_route=\/wp\/v2\/posts\/57011","targetHints":{"allow":["GET"]}}],"collection":[{"href":"https:\/\/jugulajm.net\/index.php?rest_route=\/wp\/v2\/posts"}],"about":[{"href":"https:\/\/jugulajm.net\/index.php?rest_route=\/wp\/v2\/types\/post"}],"author":[{"embeddable":true,"href":"https:\/\/jugulajm.net\/index.php?rest_route=\/wp\/v2\/users\/5"}],"replies":[{"embeddable":true,"href":"https:\/\/jugulajm.net\/index.php?rest_route=%2Fwp%2Fv2%2Fcomments&post=57011"}],"version-history":[{"count":0,"href":"https:\/\/jugulajm.net\/index.php?rest_route=\/wp\/v2\/posts\/57011\/revisions"}],"wp:featuredmedia":[{"embeddable":true,"href":"https:\/\/jugulajm.net\/index.php?rest_route=\/wp\/v2\/media\/57012"}],"wp:attachment":[{"href":"https:\/\/jugulajm.net\/index.php?rest_route=%2Fwp%2Fv2%2Fmedia&parent=57011"}],"wp:term":[{"taxonomy":"category","embeddable":true,"href":"https:\/\/jugulajm.net\/index.php?rest_route=%2Fwp%2Fv2%2Fcategories&post=57011"},{"taxonomy":"post_tag","embeddable":true,"href":"https:\/\/jugulajm.net\/index.php?rest_route=%2Fwp%2Fv2%2Ftags&post=57011"}],"curies":[{"name":"wp","href":"https:\/\/api.w.org\/{rel}","templated":true}]}}