{"id":57002,"date":"2023-03-14T13:46:31","date_gmt":"2023-03-14T12:46:31","guid":{"rendered":"https:\/\/jugulajm.net\/?p=57002"},"modified":"2023-05-31T09:42:42","modified_gmt":"2023-05-31T07:42:42","slug":"foto-video-pamjet-tmerri-te-shqiptarit-nga-qelia-e-burgut-grek-u-dhunua-nga-4-police","status":"publish","type":"post","link":"https:\/\/jugulajm.net\/?p=57002","title":{"rendered":"FOTO-VIDEO\/ Pamjet tmerri t\u00eb shqiptarit nga qelia e burgut grek, u dhunua nga 4 polic\u00eb"},"content":{"rendered":"<div class=\"entry-content no-share\">\n<div class=\"content-inner\">\n<p>Fotot dhe videot e 33-vje\u00e7arit t\u00eb dhunuar nga 4 polic\u00ebt grek\u00eb kan\u00eb dal\u00eb n\u00eb mediat e huaja. Mediat i p\u00ebrshkruajn\u00eb k\u00ebto pamje shokuese dhe t\u00eb r\u00ebnda.<\/p>\n<div class=\"jeg_ad jeg_ad_article jnews_content_inline_ads\">\n<div class=\"ads-wrapper align-center\">\n<div class=\"ads_code\">Nj\u00eb oficer, dy polic\u00eb dhe nj\u00eb roje speciale u arrestuan nga an\u00ebtar\u00ebt e korruptuar t\u00eb ELAS-it dhe akuzohen se e kan\u00eb torturuar shqiptarin Saimir Zefin dhe e kan\u00eb\u00a0 rrahur r\u00ebnd\u00eb.<\/div>\n<\/div>\n<\/div>\n<p>Gjith\u00e7ka q\u00eb tha ai n\u00eb ato momente ishte \u201cmami m\u00eb shp\u00ebto se po m\u00eb vrasin\u201d, tha motra e 33-vje\u00e7arit. Sipas aktakuz\u00ebs, 33-vje\u00e7ari, i cili po vuan d\u00ebnimin me burg p\u00ebr trafik droge s\u00eb bashku me 10 t\u00eb burgosur t\u00eb tjer\u00eb, \u00ebsht\u00eb transferuar nga Selaniku n\u00eb Athin\u00eb t\u00eb premten.<\/p>\n<p>Motra e 33-vje\u00e7arit ka folur p\u00ebr median greke \u2018MEGA\u2019.<\/p>\n<p>Ajo pretendon se polic\u00ebt e kan\u00eb rrahur\u00a0 v\u00ebllain e saj kur e kan\u00eb \u00e7uar n\u00eb Kavall\u00eb para prind\u00ebrve t\u00eb tyre.<\/p>\n<p>\u201cI kishin v\u00ebn\u00eb nj\u00eb p\u00ebrkrenare n\u00eb kok\u00eb, n\u00eb makin\u00eb ia hoq\u00ebn dhe e rrah\u00ebn dhe aty para se ta dor\u00ebzonin, e rrah\u00ebn s\u00ebrish. E rrah\u00ebn\u201d, ka th\u00ebn\u00eb e motra.<\/p>\n<p>\u201cAi tashm\u00eb ishte rrahur nga sigurimi i Kavall\u00ebs. Ai ishte rrahur n\u00eb sy t\u00eb prind\u00ebrve t\u00eb tij q\u00eb kishin shkuar p\u00ebr vizit\u00eb dhe i than\u00eb babait t\u00eb tij do ta \u00e7oni f\u00ebmij\u00ebn tuaj n\u00eb kas\u00eb\u201d, tha avokati i tij.<\/p>\n<p>Rrahja e 33-vje\u00e7arit m\u00ebsohet se konfirmohet nga t\u00eb burgosur t\u00eb tjer\u00eb. Sipas njoftimit t\u00eb policis\u00eb, 33-vje\u00e7ari \u00ebsht\u00eb kontrolluar nga mjek\u00ebsia, nd\u00ebrsa kat\u00ebr punonj\u00ebsit e policis\u00eb jan\u00eb paraqitur n\u00eb prokurori.\/Opinion.al<\/p>\n<p><img loading=\"lazy\" loading=\"lazy\" decoding=\"async\" class=\"alignnone wp-image-998742 size-full\" src=\"https:\/\/opinion.al\/wp-content\/uploads\/2023\/03\/Screenshot_5-5.png\" sizes=\"auto, (max-width: 838px) 100vw, 838px\" srcset=\"https:\/\/opinion.al\/wp-content\/uploads\/2023\/03\/Screenshot_5-5.png 838w, https:\/\/opinion.al\/wp-content\/uploads\/2023\/03\/Screenshot_5-5-350x188.png 350w, https:\/\/opinion.al\/wp-content\/uploads\/2023\/03\/Screenshot_5-5-768x413.png 768w, https:\/\/opinion.al\/wp-content\/uploads\/2023\/03\/Screenshot_5-5-750x404.png 750w\" alt=\"\" width=\"838\" height=\"451\" data-pin-no-hover=\"true\" \/><\/p>\n<p><img loading=\"lazy\" loading=\"lazy\" decoding=\"async\" class=\"alignnone wp-image-998743 size-full\" src=\"https:\/\/opinion.al\/wp-content\/uploads\/2023\/03\/Screenshot_6-4.png\" sizes=\"auto, (max-width: 842px) 100vw, 842px\" srcset=\"https:\/\/opinion.al\/wp-content\/uploads\/2023\/03\/Screenshot_6-4.png 842w, https:\/\/opinion.al\/wp-content\/uploads\/2023\/03\/Screenshot_6-4-350x200.png 350w, https:\/\/opinion.al\/wp-content\/uploads\/2023\/03\/Screenshot_6-4-768x440.png 768w, https:\/\/opinion.al\/wp-content\/uploads\/2023\/03\/Screenshot_6-4-750x429.png 750w\" alt=\"\" width=\"842\" height=\"482\" data-pin-no-hover=\"true\" \/><\/p>\n<p><img loading=\"lazy\" loading=\"lazy\" decoding=\"async\" class=\"alignnone wp-image-998741 size-full\" src=\"https:\/\/opinion.al\/wp-content\/uploads\/2023\/03\/Screenshot_4-6.png\" sizes=\"auto, (max-width: 837px) 100vw, 837px\" srcset=\"https:\/\/opinion.al\/wp-content\/uploads\/2023\/03\/Screenshot_4-6.png 837w, https:\/\/opinion.al\/wp-content\/uploads\/2023\/03\/Screenshot_4-6-350x196.png 350w, https:\/\/opinion.al\/wp-content\/uploads\/2023\/03\/Screenshot_4-6-768x430.png 768w, https:\/\/opinion.al\/wp-content\/uploads\/2023\/03\/Screenshot_4-6-750x420.png 750w\" alt=\"\" width=\"837\" height=\"469\" data-pin-no-hover=\"true\" \/><\/p>\n<p>&nbsp;<\/p>\n<p><iframe loading=\"lazy\" src=\"https:\/\/www.megatv.com\/embed\/?p=2020970334\" width=\"560\" height=\"315\" frameborder=\"0\" scrolling=\"no\" allowfullscreen=\"allowfullscreen\" data-mce-fragment=\"1\"><\/iframe><\/p>\n<\/div>\n<\/div>\n","protected":false},"excerpt":{"rendered":"<p>Fotot dhe videot e 33-vje\u00e7arit t\u00eb dhunuar nga 4 polic\u00ebt grek\u00eb kan\u00eb dal\u00eb n\u00eb mediat e huaja. Mediat i p\u00ebrshkruajn\u00eb k\u00ebto pamje shokuese dhe t\u00eb r\u00ebnda. Nj\u00eb oficer, dy polic\u00eb dhe nj\u00eb roje speciale u arrestuan nga an\u00ebtar\u00ebt e korruptuar t\u00eb ELAS-it dhe akuzohen se e kan\u00eb torturuar shqiptarin Saimir Zefin dhe e kan\u00eb\u00a0 rrahur [&hellip;]<\/p>\n","protected":false},"author":5,"featured_media":57003,"comment_status":"closed","ping_status":"open","sticky":false,"template":"","format":"standard","meta":{"footnotes":""},"categories":[1,6332],"tags":[22321,22322],"class_list":{"0":"post-57002","1":"post","2":"type-post","3":"status-publish","4":"format-standard","5":"has-post-thumbnail","7":"category-aktualitet","8":"category-te-fundit","9":"tag-foto-video-pamjet-tmerri-te-shqiptarit-nga-qelia-e-burgut-grek","10":"tag-u-dhunua-nga-4-police"},"_links":{"self":[{"href":"https:\/\/jugulajm.net\/index.php?rest_route=\/wp\/v2\/posts\/57002","targetHints":{"allow":["GET"]}}],"collection":[{"href":"https:\/\/jugulajm.net\/index.php?rest_route=\/wp\/v2\/posts"}],"about":[{"href":"https:\/\/jugulajm.net\/index.php?rest_route=\/wp\/v2\/types\/post"}],"author":[{"embeddable":true,"href":"https:\/\/jugulajm.net\/index.php?rest_route=\/wp\/v2\/users\/5"}],"replies":[{"embeddable":true,"href":"https:\/\/jugulajm.net\/index.php?rest_route=%2Fwp%2Fv2%2Fcomments&post=57002"}],"version-history":[{"count":0,"href":"https:\/\/jugulajm.net\/index.php?rest_route=\/wp\/v2\/posts\/57002\/revisions"}],"wp:featuredmedia":[{"embeddable":true,"href":"https:\/\/jugulajm.net\/index.php?rest_route=\/wp\/v2\/media\/57003"}],"wp:attachment":[{"href":"https:\/\/jugulajm.net\/index.php?rest_route=%2Fwp%2Fv2%2Fmedia&parent=57002"}],"wp:term":[{"taxonomy":"category","embeddable":true,"href":"https:\/\/jugulajm.net\/index.php?rest_route=%2Fwp%2Fv2%2Fcategories&post=57002"},{"taxonomy":"post_tag","embeddable":true,"href":"https:\/\/jugulajm.net\/index.php?rest_route=%2Fwp%2Fv2%2Ftags&post=57002"}],"curies":[{"name":"wp","href":"https:\/\/api.w.org\/{rel}","templated":true}]}}