{"id":56985,"date":"2023-03-13T18:26:34","date_gmt":"2023-03-13T17:26:34","guid":{"rendered":"https:\/\/jugulajm.net\/?p=56985"},"modified":"2023-05-31T09:42:43","modified_gmt":"2023-05-31T07:42:43","slug":"video-moza-45-vjecarja-gjirokastrite-tik-tok-u-me-sheroi","status":"publish","type":"post","link":"https:\/\/jugulajm.net\/?p=56985","title":{"rendered":"VIDEO\/ Moza, 45-vje\u00e7arja gjirokastrite: Tik Tok-u m\u00eb sh\u00ebroi"},"content":{"rendered":"<div class=\"vc_row_inner tdi_184_044 vc_row vc_inner wpb_row td-pb-row\">\n<div class=\"vc_column_inner tdi_186_4aa post-date-info wpb_column vc_column_container tdc-inner-column td-pb-span12\">\n<div class=\"vc_column-inner\">\n<div class=\"wpb_wrapper\">\n<div class=\"td_block_wrap tdb_single_date tdi_188_c64 td-pb-border-top td_block_template_1 tdb-post-meta\" data-td-block-uid=\"tdi_188_c64\">\n<div class=\"tdb-block-inner td-fix-index\"><\/div>\n<\/div>\n<\/div>\n<\/div>\n<\/div>\n<\/div>\n<div class=\"td_block_wrap tdb_single_featured_image tdi_191_2ec tdb-content-horiz-right td-pb-border-top td_block_template_1\" data-td-block-uid=\"tdi_191_2ec\">\n<div class=\"tdb-block-inner td-fix-index\">\n<div class=\"wpb_video_wrapper\">\n<div class=\"wpb_wrapper wpb_text_column td_block_wrap td_block_wrap vc_column_text tdi_203_0dd resize-font tagdiv-type td-pb-border-top td_block_template_1\" data-td-block-uid=\"tdi_203_0dd\">\n<div class=\"td-fix-index\">\n<div class=\"c-font-size-switcher\">Ajo quhet Mimoza Kore dhe n\u00eb Tik Tok mund ta gjeni me profilin e saj \u201cTe Moza\u201d. \u00cbsht\u00eb nj\u00eb zonj\u00eb shum\u00eb e dashur nga Gjirokastra, 45 vje\u00e7e, e martuar dhe ka dy vajza qe studiojn\u00eb p\u00ebr mjek\u00ebsi.<\/div>\n<\/div>\n<\/div>\n<div class=\"td_block_wrap tdb_single_content tdi_204_f0d td-pb-border-top td_block_template_1 td-post-content tagdiv-type\" data-td-block-uid=\"tdi_204_f0d\">\n<div class=\"tdb-block-inner td-fix-index\">\n<p>I \u00ebsht\u00eb\u00a0p\u00ebrkushtuar shum\u00eb Tik Tok dhe poston her\u00eb pas here video shum\u00eb natyrale, shum\u00eb\u00a0funny, ka sens\u00a0humori dhe kjo b\u00ebn q\u00eb\u00a0vajzat dhe zonjat ta ndjekin dhe t\u00eb\u00a0blejn\u00eb veshjet q\u00eb ajo reklamon.<\/p>\n<p>Moza\u00a0ka mbaruar vet\u00ebm shkoll\u00ebn e mesme sepse nuk pati mund\u00ebsi t\u00eb vazhdonte t\u00eb lart\u00ebn. Prej 23 vitesh ka hapur nj\u00eb biznes rrobaqep\u00ebsie dhe rrobat qe shet i merr ne Selanik si edhe qep vet\u00eb.<\/p>\n<div class=\"td-a-ad id_inline_ad1 id_ad_content-horiz-center\">\n<div class=\"mobile-hide\" align=\"center\">\n<div id=\"beacon_766bde692f\" style=\"text-align: left;\">N\u00eb nj\u00eb intervist\u00eb p\u00ebr emisionin Good Morning Albanians n\u00eb Euronews Albania ajo tha se Tik Tok sh\u00ebrbeu si terapi q\u00eb e sh\u00ebroi nga gjendja e r\u00ebnd\u00eb emocionale q\u00eb kishte p\u00ebrjetuar pas nj\u00eb problemi familjar.<\/div>\n<p style=\"text-align: left;\">\u201c\u00cbsht\u00eb nj\u00eb pun\u00eb q\u00eb m\u00eb b\u00ebri shum\u00eb t\u00eb lumtur dhe m\u00eb sh\u00ebroi. Pata nj\u00eb problem nga ana psikologjike, kalova nj\u00eb dallg\u00eb t\u00eb themi, nj\u00eb problem familjar dhe e p\u00ebrjetova keq, nj\u00eb moment depresioni. P\u00ebrballja me Tik Tok m\u00eb p\u00ebrmendi, ishte nj\u00eb shenj\u00eb nga Zoti. Ishte nj\u00eb sfid\u00eb e radh\u00ebs, gati 2 muaj ishin t\u00eb v\u00ebshtir\u00eb p\u00ebr mua, sidomos darka, por m\u00ebngjesi \u00ebsht\u00eb i bukur\u201d, tregoi ajo.<\/p>\n<\/div>\n<\/div>\n<div class=\"td_block_wrap tdb_single_featured_image tdi_191_2ec tdb-content-horiz-right td-pb-border-top td_block_template_1\" data-td-block-uid=\"tdi_191_2ec\">\n<div class=\"tdb-block-inner td-fix-index\">\n<div class=\"wpb_video_wrapper\"><iframe loading=\"lazy\" id=\"widget2\" class=\"td-youtube-player\" title=\"45 vje\u00e7arja gjirokastrite hap zemr\u00ebn: \u201cTik tok m\u00eb sh\u00ebroi, ishte si nj\u00eb shenj\u00eb nga zoti\u201d\" src=\"https:\/\/www.youtube.com\/embed\/RyiHVj-3fY8?enablejsapi=1&amp;feature=oembed&amp;wmode=opaque&amp;vq=hd720&amp;&amp;&amp;\" width=\"100%\" height=\"560\" frameborder=\"0\" allowfullscreen=\"allowfullscreen\" data-gtm-yt-inspected-7=\"true\" data-gtm-yt-inspected-15=\"true\" data-mce-fragment=\"1\"><\/iframe><\/div>\n<\/div>\n<\/div>\n<div class=\"wpb_wrapper wpb_text_column td_block_wrap td_block_wrap vc_column_text tdi_192_b6d tagdiv-type td-pb-border-top td_block_template_1\" data-td-block-uid=\"tdi_192_b6d\">\n<div class=\"td-fix-index\">\n<div class=\"mobile-hide\" align=\"center\">\n<div id=\"beacon_468fbe9004\"><img loading=\"lazy\" loading=\"lazy\" decoding=\"async\" src=\"https:\/\/reklama2.aplikacione.com\/www\/delivery\/lg.php?bannerid=0&amp;campaignid=0&amp;zoneid=475&amp;loc=https%3A%2F%2Feuronews.al%2F45-vjecarja-gjirokastrite-tik-tok-me-sheroi-ishte-si-nje-shenje-nga-zoti%2F&amp;cb=468fbe9004\" alt=\"\" width=\"0\" height=\"0\" \/><\/div>\n<p>&nbsp;<\/p>\n<\/div>\n<\/div>\n<\/div>\n<\/div>\n<\/div>\n<\/div>\n<\/div>\n<\/div>\n","protected":false},"excerpt":{"rendered":"<p>Ajo quhet Mimoza Kore dhe n\u00eb Tik Tok mund ta gjeni me profilin e saj \u201cTe Moza\u201d. \u00cbsht\u00eb nj\u00eb zonj\u00eb shum\u00eb e dashur nga Gjirokastra, 45 vje\u00e7e, e martuar dhe ka dy vajza qe studiojn\u00eb p\u00ebr mjek\u00ebsi. I \u00ebsht\u00eb\u00a0p\u00ebrkushtuar shum\u00eb Tik Tok dhe poston her\u00eb pas here video shum\u00eb natyrale, shum\u00eb\u00a0funny, ka sens\u00a0humori dhe kjo [&hellip;]<\/p>\n","protected":false},"author":5,"featured_media":56986,"comment_status":"closed","ping_status":"open","sticky":false,"template":"","format":"standard","meta":{"footnotes":""},"categories":[1,6332],"tags":[22315,22314],"class_list":{"0":"post-56985","1":"post","2":"type-post","3":"status-publish","4":"format-standard","5":"has-post-thumbnail","7":"category-aktualitet","8":"category-te-fundit","9":"tag-45-vjecarja-gjirokastrite-tik-tok-u-me-sheroi","10":"tag-video-moza"},"_links":{"self":[{"href":"https:\/\/jugulajm.net\/index.php?rest_route=\/wp\/v2\/posts\/56985","targetHints":{"allow":["GET"]}}],"collection":[{"href":"https:\/\/jugulajm.net\/index.php?rest_route=\/wp\/v2\/posts"}],"about":[{"href":"https:\/\/jugulajm.net\/index.php?rest_route=\/wp\/v2\/types\/post"}],"author":[{"embeddable":true,"href":"https:\/\/jugulajm.net\/index.php?rest_route=\/wp\/v2\/users\/5"}],"replies":[{"embeddable":true,"href":"https:\/\/jugulajm.net\/index.php?rest_route=%2Fwp%2Fv2%2Fcomments&post=56985"}],"version-history":[{"count":0,"href":"https:\/\/jugulajm.net\/index.php?rest_route=\/wp\/v2\/posts\/56985\/revisions"}],"wp:featuredmedia":[{"embeddable":true,"href":"https:\/\/jugulajm.net\/index.php?rest_route=\/wp\/v2\/media\/56986"}],"wp:attachment":[{"href":"https:\/\/jugulajm.net\/index.php?rest_route=%2Fwp%2Fv2%2Fmedia&parent=56985"}],"wp:term":[{"taxonomy":"category","embeddable":true,"href":"https:\/\/jugulajm.net\/index.php?rest_route=%2Fwp%2Fv2%2Fcategories&post=56985"},{"taxonomy":"post_tag","embeddable":true,"href":"https:\/\/jugulajm.net\/index.php?rest_route=%2Fwp%2Fv2%2Ftags&post=56985"}],"curies":[{"name":"wp","href":"https:\/\/api.w.org\/{rel}","templated":true}]}}