{"id":56979,"date":"2023-03-13T16:56:26","date_gmt":"2023-03-13T15:56:26","guid":{"rendered":"https:\/\/jugulajm.net\/?p=56979"},"modified":"2023-05-31T09:42:43","modified_gmt":"2023-05-31T07:42:43","slug":"lumi-vjosa-shpallet-park-kombetar","status":"publish","type":"post","link":"https:\/\/jugulajm.net\/?p=56979","title":{"rendered":"Lumi Vjosa shpallet Park Komb\u00ebtar"},"content":{"rendered":"<p>Ministrja e Turizmit dhe Mjedisit, Mirela Kumbaro, ka njoftuar se lumi Vjosa \u00ebsht\u00eb shpallur zyrtarisht Park Komb\u00ebtar.<\/p>\n<p>Kumbaro tha se vendimi \u00ebsht\u00eb marr\u00eb sot gjat\u00eb mbledhjes s\u00eb K\u00ebshillit t\u00eb Ministrave dhe p\u00ebrfshin nj\u00eb sip\u00ebrfaqe totale prej 12,727 hektar\u00ebsh.<\/p>\n<p><em>\u201cKemi sot vendimin p\u00ebrfundimtar q\u00eb e shpallim lumin e Vjos\u00ebs lumin e fundit t\u00eb eg\u00ebr n\u00eb Europ\u00eb, Park Komb\u00ebtar, kategoria e dyt\u00eb e mbrojtjes q\u00eb \u00ebsht\u00eb shum\u00eb m\u00eb e lart\u00eb se ajo q\u00eb kishte nj\u00eb vit m\u00eb par\u00eb si Park Natyror. E kemi shtrir\u00eb k\u00ebt\u00eb sip\u00ebrfaqe mbrojtjeje n\u00eb 12 727 ha q\u00eb \u00ebsht\u00eb gjith\u00eb sip\u00ebrfaqja ujore, bregore e lumit bashk\u00eb me sip\u00ebrfaqen tok\u00ebsore q\u00eb s\u00eb bashku me t\u00eb tria deg\u00ebt e lumit Vjos\u00eb, Drino, B\u00ebnsh, Shushic\u00ebs b\u00ebjn\u00eb at\u00eb q\u00eb duhet, at\u00eb q\u00eb \u00ebsht\u00eb sot parku i par\u00eb i nj\u00eb lumi t\u00eb eg\u00ebr n\u00eb Europ\u00eb\u201d,<\/em> tha ministrja Mirela Kumbaro.<\/p>\n","protected":false},"excerpt":{"rendered":"<p>Ministrja e Turizmit dhe Mjedisit, Mirela Kumbaro, ka njoftuar se lumi Vjosa \u00ebsht\u00eb shpallur zyrtarisht Park Komb\u00ebtar. Kumbaro tha se vendimi \u00ebsht\u00eb marr\u00eb sot gjat\u00eb mbledhjes s\u00eb K\u00ebshillit t\u00eb Ministrave dhe p\u00ebrfshin nj\u00eb sip\u00ebrfaqe totale prej 12,727 hektar\u00ebsh. \u201cKemi sot vendimin p\u00ebrfundimtar q\u00eb e shpallim lumin e Vjos\u00ebs lumin e fundit t\u00eb eg\u00ebr n\u00eb Europ\u00eb, [&hellip;]<\/p>\n","protected":false},"author":5,"featured_media":56980,"comment_status":"closed","ping_status":"open","sticky":false,"template":"","format":"standard","meta":{"footnotes":""},"categories":[1,6332],"tags":[22312],"class_list":{"0":"post-56979","1":"post","2":"type-post","3":"status-publish","4":"format-standard","5":"has-post-thumbnail","7":"category-aktualitet","8":"category-te-fundit","9":"tag-lumi-vjosa-shpallet-park-kombetar"},"_links":{"self":[{"href":"https:\/\/jugulajm.net\/index.php?rest_route=\/wp\/v2\/posts\/56979","targetHints":{"allow":["GET"]}}],"collection":[{"href":"https:\/\/jugulajm.net\/index.php?rest_route=\/wp\/v2\/posts"}],"about":[{"href":"https:\/\/jugulajm.net\/index.php?rest_route=\/wp\/v2\/types\/post"}],"author":[{"embeddable":true,"href":"https:\/\/jugulajm.net\/index.php?rest_route=\/wp\/v2\/users\/5"}],"replies":[{"embeddable":true,"href":"https:\/\/jugulajm.net\/index.php?rest_route=%2Fwp%2Fv2%2Fcomments&post=56979"}],"version-history":[{"count":0,"href":"https:\/\/jugulajm.net\/index.php?rest_route=\/wp\/v2\/posts\/56979\/revisions"}],"wp:featuredmedia":[{"embeddable":true,"href":"https:\/\/jugulajm.net\/index.php?rest_route=\/wp\/v2\/media\/56980"}],"wp:attachment":[{"href":"https:\/\/jugulajm.net\/index.php?rest_route=%2Fwp%2Fv2%2Fmedia&parent=56979"}],"wp:term":[{"taxonomy":"category","embeddable":true,"href":"https:\/\/jugulajm.net\/index.php?rest_route=%2Fwp%2Fv2%2Fcategories&post=56979"},{"taxonomy":"post_tag","embeddable":true,"href":"https:\/\/jugulajm.net\/index.php?rest_route=%2Fwp%2Fv2%2Ftags&post=56979"}],"curies":[{"name":"wp","href":"https:\/\/api.w.org\/{rel}","templated":true}]}}