{"id":56967,"date":"2023-03-13T14:05:24","date_gmt":"2023-03-13T13:05:24","guid":{"rendered":"https:\/\/jugulajm.net\/?p=56967"},"modified":"2023-05-31T09:42:43","modified_gmt":"2023-05-31T07:42:43","slug":"fqinja-e-banakjeres-qe-mbeti-e-vrare-dje-ne-tirane-rrefen-biseden-me-10-vjecaren-qe-u-lendua-o-teta-bardha-me-vrane","status":"publish","type":"post","link":"https:\/\/jugulajm.net\/?p=56967","title":{"rendered":"Fqinja e banakjeres q\u00eb mbeti e vrar\u00eb dje n\u00eb Tiran\u00eb rr\u00ebfen bised\u00ebn me 10-vje\u00e7aren q\u00eb u l\u00ebndua: O teta Bardha m\u00eb vran\u00eb"},"content":{"rendered":"<p>Fqinja e Mimoza Paj\u00ebs q\u00eb mbeti e vrar\u00eb gabimisht pas t\u00eb sht\u00ebnave me arm\u00eb n\u00eb lokalin e Fatjon Muratit n\u00eb Don Bosko, Bardha ka treguar momentet kur ajo ka kontaktuar me vajz\u00ebn e vog\u00ebl 10-vje\u00e7are, e cila mbeti e plagosur nga ngjarja ne zon\u00ebn e Don Boskos.<\/p>\n<p>\u201cJemi aq t\u00eb frik\u00ebsuar sa kemi frik\u00eb t\u00eb jetojm\u00eb t\u00eb sht\u00ebpia, ke frik\u00eb t\u00eb punosh n\u00eb pun\u00eb t\u00ebnde, k\u00ebtu \u00ebsht\u00eb b\u00ebr\u00eb jet\u00eb e frikshme,. Jetonte n\u00eb kushte t\u00eb v\u00ebshtira ekonomike me qira, edhe burri i ka vdekur dhe ka pasur hallet e veta si gjith\u00eb t\u00eb tjer\u00ebt. Un\u00eb isha brenda, djali po flinte, u \u00e7ua djali i trembur dhe m\u00eb tha mami ka ndodhur nj\u00eb vrasje. Kur dola jasht\u00eb, than\u00eb \u201ck\u00ebshtu k\u00ebshtu\u201d, u vra Moza, arm\u00eb me bresh\u00ebri, kur dola d\u00ebgjova k\u00ebto gj\u00ebra. Ambulanca erdhi shpejt. Erdhi 10 vje\u00e7arja, m\u00eb tha mua \u201co teta Bardha m\u00eb kan\u00eb vrar\u00eb, po qante me t\u00eb madhe, ishte duke qar\u00eb, erdhi ambulanca dhe e mori\u201d, tregon fqinja.<\/p>\n","protected":false},"excerpt":{"rendered":"<p>Fqinja e Mimoza Paj\u00ebs q\u00eb mbeti e vrar\u00eb gabimisht pas t\u00eb sht\u00ebnave me arm\u00eb n\u00eb lokalin e Fatjon Muratit n\u00eb Don Bosko, Bardha ka treguar momentet kur ajo ka kontaktuar me vajz\u00ebn e vog\u00ebl 10-vje\u00e7are, e cila mbeti e plagosur nga ngjarja ne zon\u00ebn e Don Boskos. \u201cJemi aq t\u00eb frik\u00ebsuar sa kemi frik\u00eb t\u00eb [&hellip;]<\/p>\n","protected":false},"author":5,"featured_media":56942,"comment_status":"closed","ping_status":"open","sticky":false,"template":"","format":"standard","meta":{"footnotes":""},"categories":[1,6332],"tags":[22308],"class_list":{"0":"post-56967","1":"post","2":"type-post","3":"status-publish","4":"format-standard","5":"has-post-thumbnail","7":"category-aktualitet","8":"category-te-fundit","9":"tag-fqinja-e-banakjeres-qe-mbeti-e-vrare-dje-ne-tirane-rrefen-biseden-me-10-vjecaren-qe-u-lendua-o-teta-bardha-me-vrane"},"_links":{"self":[{"href":"https:\/\/jugulajm.net\/index.php?rest_route=\/wp\/v2\/posts\/56967","targetHints":{"allow":["GET"]}}],"collection":[{"href":"https:\/\/jugulajm.net\/index.php?rest_route=\/wp\/v2\/posts"}],"about":[{"href":"https:\/\/jugulajm.net\/index.php?rest_route=\/wp\/v2\/types\/post"}],"author":[{"embeddable":true,"href":"https:\/\/jugulajm.net\/index.php?rest_route=\/wp\/v2\/users\/5"}],"replies":[{"embeddable":true,"href":"https:\/\/jugulajm.net\/index.php?rest_route=%2Fwp%2Fv2%2Fcomments&post=56967"}],"version-history":[{"count":0,"href":"https:\/\/jugulajm.net\/index.php?rest_route=\/wp\/v2\/posts\/56967\/revisions"}],"wp:featuredmedia":[{"embeddable":true,"href":"https:\/\/jugulajm.net\/index.php?rest_route=\/wp\/v2\/media\/56942"}],"wp:attachment":[{"href":"https:\/\/jugulajm.net\/index.php?rest_route=%2Fwp%2Fv2%2Fmedia&parent=56967"}],"wp:term":[{"taxonomy":"category","embeddable":true,"href":"https:\/\/jugulajm.net\/index.php?rest_route=%2Fwp%2Fv2%2Fcategories&post=56967"},{"taxonomy":"post_tag","embeddable":true,"href":"https:\/\/jugulajm.net\/index.php?rest_route=%2Fwp%2Fv2%2Ftags&post=56967"}],"curies":[{"name":"wp","href":"https:\/\/api.w.org\/{rel}","templated":true}]}}