{"id":56817,"date":"2023-03-10T10:18:20","date_gmt":"2023-03-10T09:18:20","guid":{"rendered":"https:\/\/jugulajm.net\/?p=56817"},"modified":"2023-05-31T09:42:46","modified_gmt":"2023-05-31T07:42:46","slug":"foto-greqi-prangosen-4-shqiptare-mes-tyre-nje-femer-33-vjecare-ne-kerkim-bimi-kreu-i-bandes","status":"publish","type":"post","link":"https:\/\/jugulajm.net\/?p=56817","title":{"rendered":"FOTO\/ Greqi\/ Prangosen 4 shqiptar\u00eb, mes tyre nj\u00eb fem\u00ebr 33-vje\u00e7are, n\u00eb k\u00ebrkim \u2018Bimi\u2019 kreu i band\u00ebs"},"content":{"rendered":"<p>Policia greke ka shkat\u00ebrruar nj\u00eb grup shqiptaro-grek t\u00eb shp\u00ebrndarjes s\u00eb kokain\u00ebs n\u00eb Athin\u00eb, nd\u00ebrsa n\u00eb pranga kan\u00eb r\u00ebn\u00eb 4 shqiptar\u00eb.<\/p>\n<p>Shqiptar\u00ebt e arrestuar jan\u00eb t\u00eb moshave 23, 27, 33 (fem\u00ebr) dhe 34 vje\u00e7 dhe nj\u00eb grek 31 vje\u00e7.<\/p>\n<p>Nd\u00ebrkoh\u00eb jan\u00eb shpallur n\u00eb k\u00ebrkim 5 t\u00eb tjer\u00eb, mes t\u00eb cil\u00ebve dhe kreu i grupit shqiptar me pseudonimin \u201cBimi\u201d.<\/p>\n<p>Policia greke raporton se jan\u00eb faktuar 800 shitje kokaine t\u00eb grupit tek klient\u00eb n\u00eb Athin\u00eb, nd\u00ebrkoh\u00eb, jan\u00eb sekuestruar 54.7 gram kokain\u00eb e ndar\u00eb n\u00eb paketime t\u00eb vogla, peshore, automjet dhe 8 celular\u00eb.<\/p>\n<p><img decoding=\"async\" src=\"https:\/\/www.syri.net\/uploads\/syri.net\/images\/2023\/March\/10\/auto_greqi-6-528x4501678433576.jpg\" alt=\"Pranga 4 shqiptar\u00ebve n\u00eb Athin\u00eb, mes tyre nj\u00eb 33-vje\u00e7are. N\u00eb k\u00ebrkim kreu i band\u00ebs \u2018Bimi\u2019\" \/><\/p>\n","protected":false},"excerpt":{"rendered":"<p>Policia greke ka shkat\u00ebrruar nj\u00eb grup shqiptaro-grek t\u00eb shp\u00ebrndarjes s\u00eb kokain\u00ebs n\u00eb Athin\u00eb, nd\u00ebrsa n\u00eb pranga kan\u00eb r\u00ebn\u00eb 4 shqiptar\u00eb. Shqiptar\u00ebt e arrestuar jan\u00eb t\u00eb moshave 23, 27, 33 (fem\u00ebr) dhe 34 vje\u00e7 dhe nj\u00eb grek 31 vje\u00e7. Nd\u00ebrkoh\u00eb jan\u00eb shpallur n\u00eb k\u00ebrkim 5 t\u00eb tjer\u00eb, mes t\u00eb cil\u00ebve dhe kreu i grupit shqiptar me [&hellip;]<\/p>\n","protected":false},"author":5,"featured_media":50166,"comment_status":"closed","ping_status":"open","sticky":false,"template":"","format":"standard","meta":{"footnotes":""},"categories":[1,6332],"tags":[22233,22234,22235],"class_list":{"0":"post-56817","1":"post","2":"type-post","3":"status-publish","4":"format-standard","5":"has-post-thumbnail","7":"category-aktualitet","8":"category-te-fundit","9":"tag-greqi-prangosen-4-shqiptare","10":"tag-mes-tyre-nje-femer-33-vjecare","11":"tag-ne-kerkim-bimi-kreu-i-bandes"},"_links":{"self":[{"href":"https:\/\/jugulajm.net\/index.php?rest_route=\/wp\/v2\/posts\/56817","targetHints":{"allow":["GET"]}}],"collection":[{"href":"https:\/\/jugulajm.net\/index.php?rest_route=\/wp\/v2\/posts"}],"about":[{"href":"https:\/\/jugulajm.net\/index.php?rest_route=\/wp\/v2\/types\/post"}],"author":[{"embeddable":true,"href":"https:\/\/jugulajm.net\/index.php?rest_route=\/wp\/v2\/users\/5"}],"replies":[{"embeddable":true,"href":"https:\/\/jugulajm.net\/index.php?rest_route=%2Fwp%2Fv2%2Fcomments&post=56817"}],"version-history":[{"count":0,"href":"https:\/\/jugulajm.net\/index.php?rest_route=\/wp\/v2\/posts\/56817\/revisions"}],"wp:featuredmedia":[{"embeddable":true,"href":"https:\/\/jugulajm.net\/index.php?rest_route=\/wp\/v2\/media\/50166"}],"wp:attachment":[{"href":"https:\/\/jugulajm.net\/index.php?rest_route=%2Fwp%2Fv2%2Fmedia&parent=56817"}],"wp:term":[{"taxonomy":"category","embeddable":true,"href":"https:\/\/jugulajm.net\/index.php?rest_route=%2Fwp%2Fv2%2Fcategories&post=56817"},{"taxonomy":"post_tag","embeddable":true,"href":"https:\/\/jugulajm.net\/index.php?rest_route=%2Fwp%2Fv2%2Ftags&post=56817"}],"curies":[{"name":"wp","href":"https:\/\/api.w.org\/{rel}","templated":true}]}}