{"id":56807,"date":"2023-03-09T20:55:43","date_gmt":"2023-03-09T19:55:43","guid":{"rendered":"https:\/\/jugulajm.net\/?p=56807"},"modified":"2023-05-31T09:42:46","modified_gmt":"2023-05-31T07:42:46","slug":"lajm-i-fundit-kadastra-iken-artan-lame-vjen-dallendyshe-bici","status":"publish","type":"post","link":"https:\/\/jugulajm.net\/?p=56807","title":{"rendered":"LAJM I FUNDIT!! Kadastra\/ Ik\u00ebn Artan Lame, vjen Dall\u00ebndyshe Bici"},"content":{"rendered":"<p>Artan Lame \u00ebsht\u00eb larguar nga detyra si drejtor i Kadastr\u00ebs.<\/p>\n<p>M\u00ebsohet se dit\u00ebn e nes\u00ebrme n\u00eb vendin e tij do t\u00eb prezantohet Dall\u00ebndyshe Bici.<\/p>\n<p>Aktualisht Dall\u00ebndyshe Bici \u00ebsht\u00eb n\u00eb krye t\u00eb Inspektorati Komb\u00ebtar i Mbrojtjes s\u00eb Territorit.<\/p>\n<p>Ende nuk \u00ebsht\u00eb e qart\u00eb n\u00ebse kemi t\u00eb b\u00ebjm\u00eb me nj\u00eb shkarkim nga ana e kryeministrit Rama p\u00ebr kreun e Kadastr\u00ebs, Artan Lame, por gjith\u00e7ka pritet t\u00eb sqarohet dit\u00ebn e nes\u00ebrme.<\/p>\n","protected":false},"excerpt":{"rendered":"<p>Artan Lame \u00ebsht\u00eb larguar nga detyra si drejtor i Kadastr\u00ebs. M\u00ebsohet se dit\u00ebn e nes\u00ebrme n\u00eb vendin e tij do t\u00eb prezantohet Dall\u00ebndyshe Bici. Aktualisht Dall\u00ebndyshe Bici \u00ebsht\u00eb n\u00eb krye t\u00eb Inspektorati Komb\u00ebtar i Mbrojtjes s\u00eb Territorit. Ende nuk \u00ebsht\u00eb e qart\u00eb n\u00ebse kemi t\u00eb b\u00ebjm\u00eb me nj\u00eb shkarkim nga ana e kryeministrit Rama p\u00ebr [&hellip;]<\/p>\n","protected":false},"author":5,"featured_media":56808,"comment_status":"closed","ping_status":"open","sticky":false,"template":"","format":"standard","meta":{"footnotes":""},"categories":[1,6332],"tags":[22229,22230],"class_list":{"0":"post-56807","1":"post","2":"type-post","3":"status-publish","4":"format-standard","5":"has-post-thumbnail","7":"category-aktualitet","8":"category-te-fundit","9":"tag-lajm-i-fundit-kadastra-iken-artan-lame","10":"tag-vjen-dallendyshe-bici"},"_links":{"self":[{"href":"https:\/\/jugulajm.net\/index.php?rest_route=\/wp\/v2\/posts\/56807","targetHints":{"allow":["GET"]}}],"collection":[{"href":"https:\/\/jugulajm.net\/index.php?rest_route=\/wp\/v2\/posts"}],"about":[{"href":"https:\/\/jugulajm.net\/index.php?rest_route=\/wp\/v2\/types\/post"}],"author":[{"embeddable":true,"href":"https:\/\/jugulajm.net\/index.php?rest_route=\/wp\/v2\/users\/5"}],"replies":[{"embeddable":true,"href":"https:\/\/jugulajm.net\/index.php?rest_route=%2Fwp%2Fv2%2Fcomments&post=56807"}],"version-history":[{"count":0,"href":"https:\/\/jugulajm.net\/index.php?rest_route=\/wp\/v2\/posts\/56807\/revisions"}],"wp:featuredmedia":[{"embeddable":true,"href":"https:\/\/jugulajm.net\/index.php?rest_route=\/wp\/v2\/media\/56808"}],"wp:attachment":[{"href":"https:\/\/jugulajm.net\/index.php?rest_route=%2Fwp%2Fv2%2Fmedia&parent=56807"}],"wp:term":[{"taxonomy":"category","embeddable":true,"href":"https:\/\/jugulajm.net\/index.php?rest_route=%2Fwp%2Fv2%2Fcategories&post=56807"},{"taxonomy":"post_tag","embeddable":true,"href":"https:\/\/jugulajm.net\/index.php?rest_route=%2Fwp%2Fv2%2Ftags&post=56807"}],"curies":[{"name":"wp","href":"https:\/\/api.w.org\/{rel}","templated":true}]}}